{"id":78052,"date":"2009-10-23T14:26:05","date_gmt":"2009-10-23T12:26:05","guid":{"rendered":"http:\/\/www.ivg.it\/2009\/10\/23\/lagenzia-delle-entrate-presenta-la-nuova-organizzazione-fiscale-in-provincia\/"},"modified":"2009-10-23T14:26:05","modified_gmt":"2009-10-23T12:26:05","slug":"lagenzia-delle-entrate-presenta-la-nuova-organizzazione-fiscale-in-provincia","status":"publish","type":"post","link":"https:\/\/staging.ivg.it\/2009\/10\/lagenzia-delle-entrate-presenta-la-nuova-organizzazione-fiscale-in-provincia\/","title":{"rendered":"L&#8217;Agenzia delle entrate presenta la nuova organizzazione fiscale in provincia"},"content":{"rendered":"<p><strong>[thumb:8561:l]Provincia<\/strong>. Luned\u00ec 26 ottobre, alle 15, presso la sede di via Alessandria a La Spezia, la nuova struttura dell&#8217;Agenzia delle Entrate, attiva da qualche mese, ma ancora poco conosciuta, si presenta a istituzioni, enti locali, ordini professionali ed sindacali. Nell&#8217;occasione il direttore regionale delle Entrate, Franco Latti, ed il direttore provinciale Daniela Cammilli, insieme allo staff della direzione provinciale delle Entrate di Savona, presenteranno la nuova organizzazione dell&#8217;Agenzia delle Entrate nella provincia savonese: sedi, orari, servizi e organizzazione.<\/p>\n<p>La riorganizzazione degli uffici \u00e8 stata avviata a giugno, ed a tre mesi dalla partenza \u00e8 possibile fare il punto sul nuovo e pi\u00f9 snello assetto, che serve a potenziare l&#8217;azione di contrasto all&#8217;evasione e a rafforzare i servizi ai cittadini diffusi sul territorio.<\/p>\n","protected":false},"excerpt":{"rendered":"<p>[thumb:8561:l]Provincia. Luned\u00ec 26 ottobre, alle 15, presso la sede di via Alessandria a La Spezia, la nuova struttura dell&#8217;Agenzia delle Entrate, attiva da qualche mese, ma ancora poco conosciuta, si presenta a istituzioni, enti locali, ordini professionali ed sindacali. Nell&#8217;occasione il direttore regionale delle Entrate, Franco Latti, ed il direttore provinciale Daniela Cammilli, insieme allo [&hellip;]<\/p>\n","protected":false},"author":13744,"featured_media":0,"comment_status":"open","ping_status":"closed","sticky":false,"template":"","format":"standard","meta":{"footnotes":""},"categories":[],"tags":[2528,1669,9994],"class_list":["post-78052","post","type-post","status-publish","format-standard","hentry","tag-agenzia-delle-entrate","tag-presentazione","tag-provincia-di-savona","post_cat_citta-savona"],"amp_validity":null,"amp_enabled":true,"_links":{"self":[{"href":"https:\/\/staging.ivg.it\/ediapi\/wp\/v2\/posts\/78052","targetHints":{"allow":["GET"]}}],"collection":[{"href":"https:\/\/staging.ivg.it\/ediapi\/wp\/v2\/posts"}],"about":[{"href":"https:\/\/staging.ivg.it\/ediapi\/wp\/v2\/types\/post"}],"author":[{"embeddable":true,"href":"https:\/\/staging.ivg.it\/ediapi\/wp\/v2\/users\/13744"}],"replies":[{"embeddable":true,"href":"https:\/\/staging.ivg.it\/ediapi\/wp\/v2\/comments?post=78052"}],"version-history":[{"count":0,"href":"https:\/\/staging.ivg.it\/ediapi\/wp\/v2\/posts\/78052\/revisions"}],"wp:attachment":[{"href":"https:\/\/staging.ivg.it\/ediapi\/wp\/v2\/media?parent=78052"}],"wp:term":[{"taxonomy":"category","embeddable":true,"href":"https:\/\/staging.ivg.it\/ediapi\/wp\/v2\/categories?post=78052"},{"taxonomy":"post_tag","embeddable":true,"href":"https:\/\/staging.ivg.it\/ediapi\/wp\/v2\/tags?post=78052"}],"curies":[{"name":"wp","href":"https:\/\/api.w.org\/{rel}","templated":true}]}}