{"id":78017,"date":"2009-10-22T19:18:05","date_gmt":"2009-10-22T17:18:05","guid":{"rendered":"http:\/\/www.ivg.it\/2009\/10\/22\/loano-lo-sportello-informafamiglia-compie-tre-anni\/"},"modified":"2009-10-23T10:41:00","modified_gmt":"2009-10-23T08:41:00","slug":"loano-lo-sportello-informafamiglia-compie-tre-anni","status":"publish","type":"post","link":"https:\/\/staging.ivg.it\/2009\/10\/loano-lo-sportello-informafamiglia-compie-tre-anni\/","title":{"rendered":"Loano, lo sportello &#8220;InformaFamiglia&#8221; compie tre anni"},"content":{"rendered":"<p><strong>[thumb:1068:l]Loano.<\/strong> Lo sportello dedicato alla famiglia del Comune di Loano compie tre anni. L&#8217; &#8220;InformaFamiglia&#8221; \u00e8 stato istituito per venire incontro alle esigenze e richieste delle famiglie loanesi. Tra le principali problematiche l&#8217;annosa questione &#8216;casa-affitti&#8217;. &#8220;Abbiamo sostenuto le locazioni&#8221;, ricorda l&#8217;assessore ai servizi sociali Luca Lettieri, &#8220;altro ramo di intervento il lavoro, con una assistenza informativa che mette a disposizione la domanda e l&#8217;offerta di occupazione per i nuclei familiari bisognosi&#8221;.<\/p>\n<p>L&#8217;assessore \u00e8 intervenuto durante il convegno &#8220;I diversi contesti della Famiglia: occasioni di ascolto, dialogo e confronto&#8221;, che si \u00e8 svolto nella Sala Consiliare del Comune loanese. &#8220;Il servizio attivato dalla nostra amministrazione ha avuto un riscontro significativo, sono 200 le famiglie che si rivolgono ogni anno allo sportello, e l&#8217;amministrazione svolge poi un piano sociale di assistenza specifico sulle base dei dati e degli elementi raccolti&#8221;.<\/p>\n<p>&#8220;L&#8217;aspetto innovativo dello sportello \u00e8 che rappresenta un occhio privilegiato della nostra amministrazione per conoscere direttamente le esigenze sociali delle famiglie&#8221;, ha sottolineato il sindaco di Loano Angelo Vaccarezza.<\/p>\n<p>L&#8217;InformaFamiglia ha sede presso &#8220;Loano salute&#8221;. Lo sportello \u00e8 aperto luned\u00ec e venerd\u00ec ore 9\/12, mercoled\u00ec ore 15\/18 con la presenza dell&#8217;operatore specializzato gioved\u00ec mattina con l&#8217;assistente sociale.<\/p>\n","protected":false},"excerpt":{"rendered":"<p>[thumb:1068:l]Loano. Lo sportello dedicato alla famiglia del Comune di Loano compie tre anni. L&#8217; &#8220;InformaFamiglia&#8221; \u00e8 stato istituito per venire incontro alle esigenze e richieste delle famiglie loanesi. Tra le principali problematiche l&#8217;annosa questione &#8216;casa-affitti&#8217;. &#8220;Abbiamo sostenuto le locazioni&#8221;, ricorda l&#8217;assessore ai servizi sociali Luca Lettieri, &#8220;altro ramo di intervento il lavoro, con una assistenza [&hellip;]<\/p>\n","protected":false},"author":13744,"featured_media":0,"comment_status":"open","ping_status":"closed","sticky":false,"template":"","format":"standard","meta":{"footnotes":""},"categories":[],"tags":[2317,877,86019,86171,682,85827,936,1013,85999],"class_list":["post-78017","post","type-post","status-publish","format-standard","hentry","tag-angelo-vaccarezza","tag-assistenza","tag-comune","tag-comune-di-loano","tag-loanesi","tag-loano","tag-luca-lettieri","tag-occupazione","tag-sindaco","post_cat_citta-andora","post_cat_citta-loano"],"amp_validity":null,"amp_enabled":true,"_links":{"self":[{"href":"https:\/\/staging.ivg.it\/ediapi\/wp\/v2\/posts\/78017","targetHints":{"allow":["GET"]}}],"collection":[{"href":"https:\/\/staging.ivg.it\/ediapi\/wp\/v2\/posts"}],"about":[{"href":"https:\/\/staging.ivg.it\/ediapi\/wp\/v2\/types\/post"}],"author":[{"embeddable":true,"href":"https:\/\/staging.ivg.it\/ediapi\/wp\/v2\/users\/13744"}],"replies":[{"embeddable":true,"href":"https:\/\/staging.ivg.it\/ediapi\/wp\/v2\/comments?post=78017"}],"version-history":[{"count":0,"href":"https:\/\/staging.ivg.it\/ediapi\/wp\/v2\/posts\/78017\/revisions"}],"wp:attachment":[{"href":"https:\/\/staging.ivg.it\/ediapi\/wp\/v2\/media?parent=78017"}],"wp:term":[{"taxonomy":"category","embeddable":true,"href":"https:\/\/staging.ivg.it\/ediapi\/wp\/v2\/categories?post=78017"},{"taxonomy":"post_tag","embeddable":true,"href":"https:\/\/staging.ivg.it\/ediapi\/wp\/v2\/tags?post=78017"}],"curies":[{"name":"wp","href":"https:\/\/api.w.org\/{rel}","templated":true}]}}