{"id":77337,"date":"2009-10-16T11:05:56","date_gmt":"2009-10-16T09:05:56","guid":{"rendered":"http:\/\/www.ivg.it\/2009\/10\/16\/vaccarezza-il-carcere-di-savona-intitolato-a-sandro-pertini\/"},"modified":"2009-10-16T16:56:01","modified_gmt":"2009-10-16T14:56:01","slug":"vaccarezza-il-carcere-di-savona-intitolato-a-sandro-pertini","status":"publish","type":"post","link":"https:\/\/staging.ivg.it\/2009\/10\/vaccarezza-il-carcere-di-savona-intitolato-a-sandro-pertini\/","title":{"rendered":"Vaccarezza: &#8220;Il carcere di Savona intitolato a Sandro Pertini&#8221;"},"content":{"rendered":"<p><strong>[thumb:14696:l]Savona.<\/strong> Il carcere di Savona intitolato a Sandro Pertini. E&#8217; la proposta lanciata questa mattina dal presidente della Provincia di Savona Angelo Vaccarezza durante la visita alla struttura penitenziaria del Sant&#8217;Agostino. Il numero uno di Palazzo Nervi ritiene che l&#8217;intitolazione al grande statista savonese (incarcerato proprio a Savona durante il ventennio fascista), in occasione del ventennale della sua morte nel 2010, potrebbe focalizzare sul carcere savonese una maggiore attenzione da parte delle istituzioni e creare una coscienza collettiva sulla funzione dell&#8217;istituto penitenziario, &#8220;non solo luogo di detenzione ma anche di riabilitazione&#8221;.<\/p>\n<p>&#8220;Il Sant&#8217;Agostino non \u00e8 un carcere dignitoso per questa Provincia &#8211; ha detto Vaccarezza -. Davvero bisogna visitarlo per vedere com&#8217;\u00e8 difficile la vita e la convivenza all&#8217;interno di questa struttura, dove i detenuti vivono in quattro metri quadrati e con pochissimi spazi all&#8217;aria aperta. E&#8217; chiaro che il problema di sovraffollamento provoca anche ripercussioni sociali, nel senso che molti detenuti vengono trasferiti in altri istituti di pena, con problemi per gli stessi nuclei familiari delle persone detenute o per gli stessi avvocati difensori che devono magari preparare la loro difesa nel processo. Credo che bisogna fare anche un plauso a tutte persone che lavorano qui dentro, in condizioni altrettanto difficili&#8221;.<\/p>\n<p>Vaccarezza si \u00e8 detto contrario all&#8217;ipotesi di un unico carcere con Imperia: &#8220;Non credo che si possa accorpare i due istituti penitenziari. La questione \u00e8 che sul Sant&#8217;Agostino in questi anni non si \u00e8 investito nulla, pensando ad una nuova struttura il cui progetto \u00e8 ancora bloccato per mancanza di fondi. Risultato che il Sant&#8217;Agostino \u00e8 sempre pi\u00f9 fatiscente e inadeguato per le esigenze della giustizia e del territorio&#8221;.<\/p>\n","protected":false},"excerpt":{"rendered":"<p>[thumb:14696:l]Savona. Il carcere di Savona intitolato a Sandro Pertini. E&#8217; la proposta lanciata questa mattina dal presidente della Provincia di Savona Angelo Vaccarezza durante la visita alla struttura penitenziaria del Sant&#8217;Agostino. Il numero uno di Palazzo Nervi ritiene che l&#8217;intitolazione al grande statista savonese (incarcerato proprio a Savona durante il ventennio fascista), in occasione del [&hellip;]<\/p>\n","protected":false},"author":4,"featured_media":0,"comment_status":"open","ping_status":"closed","sticky":false,"template":"","format":"standard","meta":{"footnotes":""},"categories":[],"tags":[2317,408,1576,85994,58,11858,375,1416,2662,85850,3666],"class_list":["post-77337","post","type-post","status-publish","format-standard","hentry","tag-angelo-vaccarezza","tag-fondi","tag-giustizia","tag-imperia","tag-istituzioni","tag-presidente-della-provincia","tag-provincia","tag-sandro-pertini","tag-santagostino","tag-savona","tag-sovraffollamento","post_cat_citta-andora"],"amp_validity":null,"amp_enabled":true,"_links":{"self":[{"href":"https:\/\/staging.ivg.it\/ediapi\/wp\/v2\/posts\/77337","targetHints":{"allow":["GET"]}}],"collection":[{"href":"https:\/\/staging.ivg.it\/ediapi\/wp\/v2\/posts"}],"about":[{"href":"https:\/\/staging.ivg.it\/ediapi\/wp\/v2\/types\/post"}],"author":[{"embeddable":true,"href":"https:\/\/staging.ivg.it\/ediapi\/wp\/v2\/users\/4"}],"replies":[{"embeddable":true,"href":"https:\/\/staging.ivg.it\/ediapi\/wp\/v2\/comments?post=77337"}],"version-history":[{"count":0,"href":"https:\/\/staging.ivg.it\/ediapi\/wp\/v2\/posts\/77337\/revisions"}],"wp:attachment":[{"href":"https:\/\/staging.ivg.it\/ediapi\/wp\/v2\/media?parent=77337"}],"wp:term":[{"taxonomy":"category","embeddable":true,"href":"https:\/\/staging.ivg.it\/ediapi\/wp\/v2\/categories?post=77337"},{"taxonomy":"post_tag","embeddable":true,"href":"https:\/\/staging.ivg.it\/ediapi\/wp\/v2\/tags?post=77337"}],"curies":[{"name":"wp","href":"https:\/\/api.w.org\/{rel}","templated":true}]}}