{"id":77104,"date":"2009-10-14T16:01:20","date_gmt":"2009-10-14T14:01:20","guid":{"rendered":"http:\/\/www.ivg.it\/2009\/10\/14\/noli-sabato-una-giornata-dedicata-alla-pittura-di-vicente-suarez\/"},"modified":"2009-10-14T16:01:20","modified_gmt":"2009-10-14T14:01:20","slug":"noli-sabato-una-giornata-dedicata-alla-pittura-di-vicente-suarez","status":"publish","type":"post","link":"https:\/\/staging.ivg.it\/2009\/10\/noli-sabato-una-giornata-dedicata-alla-pittura-di-vicente-suarez\/","title":{"rendered":"Noli, sabato una giornata dedicata alla pittura di Vicente Suarez"},"content":{"rendered":"<p><strong>[thumb:302:l]Noli<\/strong>. Nella giornata di sabato Noli si immerger\u00e0 nelle opere del settecento attraverso la pittura di Vicente Suarez, che lavor\u00f2 nella citt\u00e0 tra il 1787 ed il 1788. L&#8217;abilit\u00e0 di questo artista fu tale che gli fu anche conferita la cittadinanza onoraria nolese. La manifestazione, che ben si colloca nel progetto di Museo Archeologico Diffuso a cui sta lavorando il Comune di Noli, prender\u00e0 il via alle 16 con il ritrovo nel piazzale antistante la cattedrale di S. Pietro.<\/p>\n<p>Da qui si partir\u00e0 per la visita guidata alle opere del Suarez a cura di Renato Boi. Alle 17,30 presso la Fondazione S. Antonio la presentazione della brochure &#8220;Un percorso alla scoperta delle opere di Vicente Suarez, un pittore spagnolo nella Noli del &#8216;700&#8221;, curata dal Centro Iniziativa donna di Vado Ligure in collaborazione con la Cooperativa Arca. Interverranno: Ilaria Grillo (consigliere delegato alla cultura), Ambrogio Repetto (sindaco di Noli), Don Carlo Rebagliati (parroco di S. Pietro), Gemma Babboni (presidente Centro Iniziativa Donna), Donatella Ventura (presidente Cooperativa culturale Arca) e Renato Boi (Restauri La Sinopia).<\/p>\n","protected":false},"excerpt":{"rendered":"<p>[thumb:302:l]Noli. Nella giornata di sabato Noli si immerger\u00e0 nelle opere del settecento attraverso la pittura di Vicente Suarez, che lavor\u00f2 nella citt\u00e0 tra il 1787 ed il 1788. L&#8217;abilit\u00e0 di questo artista fu tale che gli fu anche conferita la cittadinanza onoraria nolese. La manifestazione, che ben si colloca nel progetto di Museo Archeologico Diffuso [&hellip;]<\/p>\n","protected":false},"author":13744,"featured_media":0,"comment_status":"open","ping_status":"closed","sticky":false,"template":"","format":"standard","meta":{"footnotes":""},"categories":[],"tags":[13009,857,85925,2962],"class_list":["post-77104","post","type-post","status-publish","format-standard","hentry","tag-comune-di-noli","tag-mostre-pittura","tag-noli","tag-visita","post_cat_citta-noli"],"amp_validity":null,"amp_enabled":true,"_links":{"self":[{"href":"https:\/\/staging.ivg.it\/ediapi\/wp\/v2\/posts\/77104","targetHints":{"allow":["GET"]}}],"collection":[{"href":"https:\/\/staging.ivg.it\/ediapi\/wp\/v2\/posts"}],"about":[{"href":"https:\/\/staging.ivg.it\/ediapi\/wp\/v2\/types\/post"}],"author":[{"embeddable":true,"href":"https:\/\/staging.ivg.it\/ediapi\/wp\/v2\/users\/13744"}],"replies":[{"embeddable":true,"href":"https:\/\/staging.ivg.it\/ediapi\/wp\/v2\/comments?post=77104"}],"version-history":[{"count":0,"href":"https:\/\/staging.ivg.it\/ediapi\/wp\/v2\/posts\/77104\/revisions"}],"wp:attachment":[{"href":"https:\/\/staging.ivg.it\/ediapi\/wp\/v2\/media?parent=77104"}],"wp:term":[{"taxonomy":"category","embeddable":true,"href":"https:\/\/staging.ivg.it\/ediapi\/wp\/v2\/categories?post=77104"},{"taxonomy":"post_tag","embeddable":true,"href":"https:\/\/staging.ivg.it\/ediapi\/wp\/v2\/tags?post=77104"}],"curies":[{"name":"wp","href":"https:\/\/api.w.org\/{rel}","templated":true}]}}