{"id":77050,"date":"2009-10-14T11:33:27","date_gmt":"2009-10-14T09:33:27","guid":{"rendered":"http:\/\/www.ivg.it\/2009\/10\/14\/albenga-rapina-32enne-marocchino-arrestato-dai-carabinieri\/"},"modified":"2009-10-14T17:33:52","modified_gmt":"2009-10-14T15:33:52","slug":"albenga-rapina-32enne-marocchino-arrestato-dai-carabinieri","status":"publish","type":"post","link":"https:\/\/staging.ivg.it\/2009\/10\/albenga-rapina-32enne-marocchino-arrestato-dai-carabinieri\/","title":{"rendered":"Albenga, rapina: 32enne marocchino arrestato dai carabinieri"},"content":{"rendered":"<p><strong>[thumb:297:l]Albenga<\/strong>. Questa mattina i carabinieri della compagnia di Albenga hanno arrestato un cittadino marocchino, M.W., di 32 anni e in possesso di regolare permesso di soggiorno, per l&#8217;esecuzione della pena di sei mesi di carcere. Il trentaduenne infatti era stato condannato a tre anni e sei mesi di reclusione per rapina. Il fatto risale al 2006 ed era avvenuto ad Albenga. In realt\u00e0 non si trattava di una vera e propria rapina ma di una discussione con un connazionale degenerata.<\/p>\n<p>La condanna si \u00e8 per\u00f2 ridotta a sei mesi perch\u00e9 tre anni sono stati indultati. I militari hanno gi\u00e0 accompagnato il marocchino nel carcere Sant&#8217;Agostino di Savona dove sconter\u00e0 la pena.<\/p>\n","protected":false},"excerpt":{"rendered":"<p>[thumb:297:l]Albenga. Questa mattina i carabinieri della compagnia di Albenga hanno arrestato un cittadino marocchino, M.W., di 32 anni e in possesso di regolare permesso di soggiorno, per l&#8217;esecuzione della pena di sei mesi di carcere. Il trentaduenne infatti era stato condannato a tre anni e sei mesi di reclusione per rapina. Il fatto risale al [&hellip;]<\/p>\n","protected":false},"author":13744,"featured_media":0,"comment_status":"open","ping_status":"closed","sticky":false,"template":"","format":"standard","meta":{"footnotes":""},"categories":[34],"tags":[666,228,4342,1065],"class_list":["post-77050","post","type-post","status-publish","format-standard","hentry","category-cronaca","tag-arresto","tag-carabinieri","tag-marocchino","tag-rapina","post_cat_citta-albenga"],"amp_validity":null,"amp_enabled":true,"_links":{"self":[{"href":"https:\/\/staging.ivg.it\/ediapi\/wp\/v2\/posts\/77050","targetHints":{"allow":["GET"]}}],"collection":[{"href":"https:\/\/staging.ivg.it\/ediapi\/wp\/v2\/posts"}],"about":[{"href":"https:\/\/staging.ivg.it\/ediapi\/wp\/v2\/types\/post"}],"author":[{"embeddable":true,"href":"https:\/\/staging.ivg.it\/ediapi\/wp\/v2\/users\/13744"}],"replies":[{"embeddable":true,"href":"https:\/\/staging.ivg.it\/ediapi\/wp\/v2\/comments?post=77050"}],"version-history":[{"count":0,"href":"https:\/\/staging.ivg.it\/ediapi\/wp\/v2\/posts\/77050\/revisions"}],"wp:attachment":[{"href":"https:\/\/staging.ivg.it\/ediapi\/wp\/v2\/media?parent=77050"}],"wp:term":[{"taxonomy":"category","embeddable":true,"href":"https:\/\/staging.ivg.it\/ediapi\/wp\/v2\/categories?post=77050"},{"taxonomy":"post_tag","embeddable":true,"href":"https:\/\/staging.ivg.it\/ediapi\/wp\/v2\/tags?post=77050"}],"curies":[{"name":"wp","href":"https:\/\/api.w.org\/{rel}","templated":true}]}}