{"id":76680,"date":"2009-10-10T15:58:37","date_gmt":"2009-10-10T13:58:37","guid":{"rendered":"http:\/\/www.ivg.it\/2009\/10\/10\/laigueglia-per-lambiente-auto-elettrica-in-dotazione-alla-polizia-municipale\/"},"modified":"2009-10-10T19:36:56","modified_gmt":"2009-10-10T17:36:56","slug":"laigueglia-per-lambiente-auto-elettrica-in-dotazione-alla-polizia-municipale","status":"publish","type":"post","link":"https:\/\/staging.ivg.it\/2009\/10\/laigueglia-per-lambiente-auto-elettrica-in-dotazione-alla-polizia-municipale\/","title":{"rendered":"Laigueglia per l&#8217;ambiente: auto elettrica in dotazione alla polizia municipale"},"content":{"rendered":"<p><strong>[thumb:14611:l]Laigueglia.<\/strong> Una micro auto elettrica \u00e8 stata consegnata in prova al comune di Laigueglia dalla Start Lab di Garbagnate Milanese. La consegna dell&#8217;auto sperimentale \u00e8 avvenuta questa mattina e sar\u00e0 in dotazione alla polizia municipale per i controlli nel centro storico e nel borgo marinaro. L&#8217;iniziativa rientra nelle attivit\u00e0 dell&#8217;amministrazione comunale per la tutela dell&#8217;ambiente, che si concretizzer\u00e0 ancora di pi\u00f9 con l&#8217;avvio, a fine anno, della raccolta differenziata porta a porta destinata non solo alle attivit\u00e0 commerciali ma anche a tutti i residenti.<\/p>\n<p>&#8220;In questi giorni ci sar\u00e0 la possibilit\u00e0 di valutare se procedere con l&#8217;acquisto della micro auto. Ci siamo presi un paio di giorni per ragionare sul da farsi, anche se sembra che questo mezzo sia l&#8217;ideale per girare nel centro storico e in tutto il territorio di Laigueglia&#8221;, ha spiegato il sindaco Franco Maglione.<\/p>\n","protected":false},"excerpt":{"rendered":"<p>[thumb:14611:l]Laigueglia. Una micro auto elettrica \u00e8 stata consegnata in prova al comune di Laigueglia dalla Start Lab di Garbagnate Milanese. La consegna dell&#8217;auto sperimentale \u00e8 avvenuta questa mattina e sar\u00e0 in dotazione alla polizia municipale per i controlli nel centro storico e nel borgo marinaro. L&#8217;iniziativa rientra nelle attivit\u00e0 dell&#8217;amministrazione comunale per la tutela dell&#8217;ambiente, [&hellip;]<\/p>\n","protected":false},"author":13744,"featured_media":0,"comment_status":"open","ping_status":"closed","sticky":false,"template":"","format":"standard","meta":{"footnotes":""},"categories":[],"tags":[106,4331,1878,1331,10968,985,748,2219,85999],"class_list":["post-76680","post","type-post","status-publish","format-standard","hentry","tag-ambiente","tag-amministrazione","tag-amministrazione-comunale","tag-attivita-commerciali","tag-differenziata","tag-maglione","tag-polizia","tag-raccolta-differenziata","tag-sindaco","post_cat_citta-andora","post_cat_citta-laigueglia"],"amp_validity":null,"amp_enabled":true,"_links":{"self":[{"href":"https:\/\/staging.ivg.it\/ediapi\/wp\/v2\/posts\/76680","targetHints":{"allow":["GET"]}}],"collection":[{"href":"https:\/\/staging.ivg.it\/ediapi\/wp\/v2\/posts"}],"about":[{"href":"https:\/\/staging.ivg.it\/ediapi\/wp\/v2\/types\/post"}],"author":[{"embeddable":true,"href":"https:\/\/staging.ivg.it\/ediapi\/wp\/v2\/users\/13744"}],"replies":[{"embeddable":true,"href":"https:\/\/staging.ivg.it\/ediapi\/wp\/v2\/comments?post=76680"}],"version-history":[{"count":0,"href":"https:\/\/staging.ivg.it\/ediapi\/wp\/v2\/posts\/76680\/revisions"}],"wp:attachment":[{"href":"https:\/\/staging.ivg.it\/ediapi\/wp\/v2\/media?parent=76680"}],"wp:term":[{"taxonomy":"category","embeddable":true,"href":"https:\/\/staging.ivg.it\/ediapi\/wp\/v2\/categories?post=76680"},{"taxonomy":"post_tag","embeddable":true,"href":"https:\/\/staging.ivg.it\/ediapi\/wp\/v2\/tags?post=76680"}],"curies":[{"name":"wp","href":"https:\/\/api.w.org\/{rel}","templated":true}]}}