{"id":76674,"date":"2009-10-10T15:19:10","date_gmt":"2009-10-10T13:19:10","guid":{"rendered":"http:\/\/www.ivg.it\/2009\/10\/10\/carcare-prc-appoggiare-i-ricorsi-contro-ampliamento-tirreno-power\/"},"modified":"2009-10-10T19:38:14","modified_gmt":"2009-10-10T17:38:14","slug":"carcare-prc-appoggiare-i-ricorsi-contro-ampliamento-tirreno-power","status":"publish","type":"post","link":"https:\/\/staging.ivg.it\/2009\/10\/carcare-prc-appoggiare-i-ricorsi-contro-ampliamento-tirreno-power\/","title":{"rendered":"Carcare, Prc: &#8220;Appoggiare i ricorsi contro ampliamento Tirreno Power&#8221;"},"content":{"rendered":"<p><strong>[thumb:2183:l]Carcare.<\/strong> Il Circolo del Prc &#8220;A. Zunino&#8221; chiede all&#8217;amministrazione comunale di Carcare e a tutti i gruppi consiliari di prendere posizione sull&#8217;ampliamento della centrale di Vado Ligure, unendosi al ricorso al Tar che la Regione Liguria sta predisponendo, o appoggiando quello dei Comuni di Vado e Quiliano, o sostenendo quello di altre associazioni ambientaliste locali e nazionali, o ancora elaborabdo un proprio ricorso formale.<\/p>\n<p>&#8220;La posizione espressa dalle amministrazioni comunali di Carcare su questa tematica \u00e8 sempre stata chiara &#8211; sottolinea in una nota il Prc locale -, ci riferiamo ai numerosissimi ordini del giorno che sono stati approvati all&#8217;unanimit\u00e0 in numerosi consigli comunali, cos\u00ec come quello dello scorso 29 luglio 2009 che ha ribadito la contrariet\u00e0 all&#8217;ampliamento a carbone, e afferma testualmente: Impegna il sindaco di Carcare e tutto il consiglio comunale ad assumere le iniziative pi\u00f9 adeguate,di intesa con gli altri enti locali interessati,affinch\u00e8 il parere nagativo ampiamente espresso dalla Regione Liguria, dagli Enti Locali e dal Comune di Carcare venga preso in considerazione da parte del Ministero dell&#8217;ambiente e possa tradursi in un conseguente e corrispondente esito della conferenza dei servizi che dovr\u00e0 essere tenuta presso il Ministero delle Attivit\u00e0 Produttive&#8221;.<\/p>\n<p>&#8220;Crediamo che una posizione e una azione ufficiale nella vicenda dell&#8217;ampliamento della centrale di Vado e sarebbe un ulteriore atto formale forte in osservanza delle posizioni assunte in questi anni dalle varie amministrazioni che si sono succedute a Carcare e da ultimo rispetto all&#8217;ordine del giorno approvato il 29 luglio 2009&#8221;, afferma una nota del Prc di Carcare.<\/p>\n","protected":false},"excerpt":{"rendered":"<p>[thumb:2183:l]Carcare. Il Circolo del Prc &#8220;A. Zunino&#8221; chiede all&#8217;amministrazione comunale di Carcare e a tutti i gruppi consiliari di prendere posizione sull&#8217;ampliamento della centrale di Vado Ligure, unendosi al ricorso al Tar che la Regione Liguria sta predisponendo, o appoggiando quello dei Comuni di Vado e Quiliano, o sostenendo quello di altre associazioni ambientaliste locali [&hellip;]<\/p>\n","protected":false},"author":13744,"featured_media":0,"comment_status":"open","ping_status":"closed","sticky":false,"template":"","format":"standard","meta":{"footnotes":""},"categories":[35,31],"tags":[85852,186,187,85860,3931,85979,2696],"class_list":["post-76674","post","type-post","status-publish","format-standard","hentry","category-economia","category-politica","tag-carcare","tag-consiglio-comunale","tag-ordine-del-giorno","tag-quiliano","tag-tirreno-power","tag-vado-ligure","tag-zunino","post_cat_citta-andora","post_cat_citta-carcare","post_cat_citta-savona","post_cat_citta-vado-ligure"],"amp_validity":null,"amp_enabled":true,"_links":{"self":[{"href":"https:\/\/staging.ivg.it\/ediapi\/wp\/v2\/posts\/76674","targetHints":{"allow":["GET"]}}],"collection":[{"href":"https:\/\/staging.ivg.it\/ediapi\/wp\/v2\/posts"}],"about":[{"href":"https:\/\/staging.ivg.it\/ediapi\/wp\/v2\/types\/post"}],"author":[{"embeddable":true,"href":"https:\/\/staging.ivg.it\/ediapi\/wp\/v2\/users\/13744"}],"replies":[{"embeddable":true,"href":"https:\/\/staging.ivg.it\/ediapi\/wp\/v2\/comments?post=76674"}],"version-history":[{"count":0,"href":"https:\/\/staging.ivg.it\/ediapi\/wp\/v2\/posts\/76674\/revisions"}],"wp:attachment":[{"href":"https:\/\/staging.ivg.it\/ediapi\/wp\/v2\/media?parent=76674"}],"wp:term":[{"taxonomy":"category","embeddable":true,"href":"https:\/\/staging.ivg.it\/ediapi\/wp\/v2\/categories?post=76674"},{"taxonomy":"post_tag","embeddable":true,"href":"https:\/\/staging.ivg.it\/ediapi\/wp\/v2\/tags?post=76674"}],"curies":[{"name":"wp","href":"https:\/\/api.w.org\/{rel}","templated":true}]}}