{"id":76311,"date":"2009-10-07T14:10:17","date_gmt":"2009-10-07T12:10:17","guid":{"rendered":"http:\/\/www.ivg.it\/2009\/10\/07\/savona-ravera-prc-cda-opere-sociali-spartizione-di-poltrone-tra-partiti\/"},"modified":"2009-10-07T20:57:10","modified_gmt":"2009-10-07T18:57:10","slug":"savona-ravera-prc-cda-opere-sociali-spartizione-di-poltrone-tra-partiti","status":"publish","type":"post","link":"https:\/\/staging.ivg.it\/2009\/10\/savona-ravera-prc-cda-opere-sociali-spartizione-di-poltrone-tra-partiti\/","title":{"rendered":"Savona, Ravera (PRC): &#8220;Cda Opere sociali: spartizione di poltrone tra partiti&#8221;"},"content":{"rendered":"<p><strong>[thumb:9093:l]Savona<\/strong>. Il segretario provinciale di Rifondazione Comunista, Marco Ravera, critica le modalit\u00e0 e le scelte delle nomine del nuovo cda delle Opere Sociali. &#8220;Il nuovo Consiglio di Amministrazione delle Opere Sociali ha finalmente preso forma. Una brutta forma, nata da un metodo e un percorso che ha visto una mera suddivisione di &#8216;poltrone&#8217; tra partiti politici. Una spartizione che contrasta la nostra visione di tali enti. Un metodo che pensavo non appartenesse al Sindaco Federico Berruti. Il punto, infatti, non riguarda solo le due societ\u00e0, ma anche l&#8217;immagine che si da all&#8217;esterno e che rischia di allontanare sempre pi\u00f9 i cittadini dalle istituzioni e dai partiti&#8221; ha dichiarato Ravera.<\/p>\n<p>&#8220;Nel nuovo cda sparisce ogni barlume di laicit\u00e0 con esponenti provenienti dalla parte moderata della coalizione o direttamente indicati dalla Curia con quello che io e la stragrande maggioranza dei cittadini ha visto come una ingerenza del Vescovo nella questione o addirittura dall&#8217;Udc. E proprio questo \u00e8 un altro aspetto del nostro disappunto. Siamo sempre pronti a fare un passo indietro (lo abbiamo fato anche con Marson e si \u00e8 visto come \u00e8 andata a finire), ma da quando l&#8217;Udc fa parte della maggioranza? Burlando, a torto o a ragione, apre a quella forza politica su una base programmatica&#8221; ha proseguito l&#8217;esponente di Rifondazione.<\/p>\n<p>Ravera interviene poi sulla candidatura del vice segretario dell&#8217;Italia dei Valori: &#8220;Il provvedimento n\u00b0 27 del 09\/09\/2009 (protocollo n\u00b0 45852) al punto 4 indica chiaramente che i candidati non devono &#8216;ricoprire la carica di responsabile politico provinciale di partiti o di altre formazioni o movimenti politici&#8217;. Forse tale formulazione pu\u00f2 essere interpretata, ma a nostro modo di vedere quella candidatura non doveva essere ammessa. Parliamo tanto di legalit\u00e0, di trasparenza e poi&#8230; e poi magari, stando alle notizie dei quotidiani, il vice segretario di \u00e8 dimesso pochi giorni prima della scadenza del bando. Dal partito che con noi a Savona ha portato avanti la battaglia contro il lodo Alfano mi sarei aspettato una maggiore trasparenza. Per quanto ci riguarda noi avevamo messo a disposizione del sindaco e quindi della citt\u00e0 le competenze di Nadia Ravera (che non ricopre incarichi di partito), ma il sindaco ha preferito seguire vecchie logiche. Ne prendiamo atto sapendo che questo tassello per noi negativo si va ad aggiungere ad altri&#8221; ha concluso il segretario provinciale di Rifondazione Comunista.<\/p>\n","protected":false},"excerpt":{"rendered":"<p>[thumb:9093:l]Savona. Il segretario provinciale di Rifondazione Comunista, Marco Ravera, critica le modalit\u00e0 e le scelte delle nomine del nuovo cda delle Opere Sociali. &#8220;Il nuovo Consiglio di Amministrazione delle Opere Sociali ha finalmente preso forma. Una brutta forma, nata da un metodo e un percorso che ha visto una mera suddivisione di &#8216;poltrone&#8217; tra partiti [&hellip;]<\/p>\n","protected":false},"author":13744,"featured_media":0,"comment_status":"open","ping_status":"closed","sticky":false,"template":"","format":"standard","meta":{"footnotes":""},"categories":[31],"tags":[11135,9037,1062,366,3090,367,85999],"class_list":["post-76311","post","type-post","status-publish","format-standard","hentry","category-politica","tag-attacco","tag-cda","tag-federico-berruti","tag-marco-ravera","tag-opere-sociali","tag-rifondazione-comunista","tag-sindaco","post_cat_citta-savona"],"amp_validity":null,"amp_enabled":true,"_links":{"self":[{"href":"https:\/\/staging.ivg.it\/ediapi\/wp\/v2\/posts\/76311","targetHints":{"allow":["GET"]}}],"collection":[{"href":"https:\/\/staging.ivg.it\/ediapi\/wp\/v2\/posts"}],"about":[{"href":"https:\/\/staging.ivg.it\/ediapi\/wp\/v2\/types\/post"}],"author":[{"embeddable":true,"href":"https:\/\/staging.ivg.it\/ediapi\/wp\/v2\/users\/13744"}],"replies":[{"embeddable":true,"href":"https:\/\/staging.ivg.it\/ediapi\/wp\/v2\/comments?post=76311"}],"version-history":[{"count":0,"href":"https:\/\/staging.ivg.it\/ediapi\/wp\/v2\/posts\/76311\/revisions"}],"wp:attachment":[{"href":"https:\/\/staging.ivg.it\/ediapi\/wp\/v2\/media?parent=76311"}],"wp:term":[{"taxonomy":"category","embeddable":true,"href":"https:\/\/staging.ivg.it\/ediapi\/wp\/v2\/categories?post=76311"},{"taxonomy":"post_tag","embeddable":true,"href":"https:\/\/staging.ivg.it\/ediapi\/wp\/v2\/tags?post=76311"}],"curies":[{"name":"wp","href":"https:\/\/api.w.org\/{rel}","templated":true}]}}