{"id":76302,"date":"2009-10-07T13:45:09","date_gmt":"2009-10-07T11:45:09","guid":{"rendered":"http:\/\/www.ivg.it\/?p=76302"},"modified":"2009-10-07T13:45:09","modified_gmt":"2009-10-07T11:45:09","slug":"albisola-santuario-della-pace-ottobre-ricco-di-iniziative","status":"publish","type":"post","link":"https:\/\/staging.ivg.it\/2009\/10\/albisola-santuario-della-pace-ottobre-ricco-di-iniziative\/","title":{"rendered":"Albisola, santuario della Pace: ottobre ricco di iniziative"},"content":{"rendered":"<p><strong>[thumb:13608:l]Albisola S<\/strong>. I padri dehoniani di Albisola Superiore, in attesa di definire il futuro del complesso del Santuario della Pace, per il quale si \u00e8 in cerca di acquirenti, hanno organizzato, secondo tradizione, durante il mese di ottobre diverse iniziative, che avranno il loro centro nella solennit\u00e0 della Regina della Pace. Si comincia domenica con il quinto &#8220;trofeo N.S. della Pace&#8221;, con gare podistiche aperte a tutti. La domenica successiva, 18 ottobre, incvece coincide con la solennit\u00e0 della patrona delle Albisole e Stelle, la Regina della Pace.<\/p>\n<p>Per l&#8217;occasione la messa delle 10 sar\u00e0 celebrata da padre Bruno Scuccato, superiore della comunit\u00e0 dehoniana. Alle 16 sar\u00e0 recitato il rosario guidato, concluso dal canto delle litanie. Alle 16,30 poi la messa solenne presieduta dal vescovo Vittorio Lupi che sar\u00e0 partecipata dalle autorit\u00e0 religiose e civili e dalle popolazioni delle Albisole e Stelle. Al termine del rito si rinnover\u00e0 la tradizione del bacio della sacra Immagine. Un&#8217;altra Messa \u00e8 poi prevista alle 18,30. Le iniziative proseguiranno domenica 25 ottobre, alle 16,30, con il concerto di musica sacra dell&#8217;associazione &#8220;Arte e armonia&#8221;, programmato dai tre Comuni. Dal 26 al 31 ottobre, infine, \u00e8 prevista la settimana dei giovani, singoli o in gruppo, invitati a pregare per la pace al Santuario di Albisola.<\/p>\n","protected":false},"excerpt":{"rendered":"<p>[thumb:13608:l]Albisola S. I padri dehoniani di Albisola Superiore, in attesa di definire il futuro del complesso del Santuario della Pace, per il quale si \u00e8 in cerca di acquirenti, hanno organizzato, secondo tradizione, durante il mese di ottobre diverse iniziative, che avranno il loro centro nella solennit\u00e0 della Regina della Pace. Si comincia domenica con [&hellip;]<\/p>\n","protected":false},"author":13744,"featured_media":0,"comment_status":"open","ping_status":"closed","sticky":false,"template":"","format":"standard","meta":{"footnotes":""},"categories":[],"tags":[86016,2671,13162,2502],"class_list":["post-76302","post","type-post","status-publish","format-standard","hentry","tag-albisola-superiore","tag-iniziative","tag-santuario-della-pace","tag-vescovo-lupi","post_cat_citta-albisola-superiore"],"amp_validity":null,"amp_enabled":true,"_links":{"self":[{"href":"https:\/\/staging.ivg.it\/ediapi\/wp\/v2\/posts\/76302","targetHints":{"allow":["GET"]}}],"collection":[{"href":"https:\/\/staging.ivg.it\/ediapi\/wp\/v2\/posts"}],"about":[{"href":"https:\/\/staging.ivg.it\/ediapi\/wp\/v2\/types\/post"}],"author":[{"embeddable":true,"href":"https:\/\/staging.ivg.it\/ediapi\/wp\/v2\/users\/13744"}],"replies":[{"embeddable":true,"href":"https:\/\/staging.ivg.it\/ediapi\/wp\/v2\/comments?post=76302"}],"version-history":[{"count":0,"href":"https:\/\/staging.ivg.it\/ediapi\/wp\/v2\/posts\/76302\/revisions"}],"wp:attachment":[{"href":"https:\/\/staging.ivg.it\/ediapi\/wp\/v2\/media?parent=76302"}],"wp:term":[{"taxonomy":"category","embeddable":true,"href":"https:\/\/staging.ivg.it\/ediapi\/wp\/v2\/categories?post=76302"},{"taxonomy":"post_tag","embeddable":true,"href":"https:\/\/staging.ivg.it\/ediapi\/wp\/v2\/tags?post=76302"}],"curies":[{"name":"wp","href":"https:\/\/api.w.org\/{rel}","templated":true}]}}