{"id":76169,"date":"2009-10-06T12:50:51","date_gmt":"2009-10-06T10:50:51","guid":{"rendered":"http:\/\/www.ivg.it\/2009\/10\/06\/pietra-unita-spinale-e-nato-lambulatorio-di-medicina-sportiva-per-disabili\/"},"modified":"2009-10-06T17:50:03","modified_gmt":"2009-10-06T15:50:03","slug":"pietra-unita-spinale-e-nato-lambulatorio-di-medicina-sportiva-per-disabili","status":"publish","type":"post","link":"https:\/\/staging.ivg.it\/2009\/10\/pietra-unita-spinale-e-nato-lambulatorio-di-medicina-sportiva-per-disabili\/","title":{"rendered":"Pietra, Unit\u00e0 Spinale: \u00e8 nato l&#8217;ambulatorio di medicina sportiva per disabili"},"content":{"rendered":"<p><strong>[thumb:14557:l]Pietra Ligure<\/strong>. Questa mattina, alle 12, presso l&#8217;Unit\u00e0 Spinale dell&#8217;ospedale Santa Corona di Pietra Ligure, alla presenza di autorit\u00e0 locali ed enti sportivi liguri, \u00e8 stato presentato l&#8217;ambulatorio di idoneit\u00e0 sportiva agonistica per disabili. L&#8217;ambulatorio \u00e8 stato creato con lo scopo di diventare un punto di riferimento in Liguria e nel Nord Italia per le persone diversamente abili che intendono cominciare a praticare un&#8217;attivit\u00e0 sportiva a livello agonistico.<\/p>\n<p>Ad eseguire le visite specialistiche sar\u00e0 il dottor Manlio Milanese, medico dello sport, che eseguir\u00e0 tutte le verifiche del caso necessarie al rilascio dei certificati medici richiesti e tutte le attestazioni sanitarie necessarie. L&#8217;ambulatorio offrir\u00e0 comunque consulenza medica anche a tutti quei disabili che intendono praticare sport a livello amatoriale. Il servizio sar\u00e0 operativo all&#8217;interno dell&#8217;Unit\u00e0 Spinale Unipolare ed affiancher\u00e0 tutta la serie di iniziative messe in atto dall&#8217;equipe del dottor Massone, direttore della struttura, a completamento dell&#8217;iter diagnostico e terapeutico dedicato alle persone con disabilit\u00e0.<\/p>\n<p>Disabilit\u00e0 e sport sono due parole e due ambiti oggigiorno sempre pi\u00f9 vicini. L&#8217;ambito sportivo si coniuga tranquillamente con il mondo della disabilit\u00e0 realizzando un pieno reinserimento nel tessuto sociale e abbattendo la barriera tra normodotati e non.<\/p>\n<p>[image:14557:c]<\/p>\n","protected":false},"excerpt":{"rendered":"<p>[thumb:14557:l]Pietra Ligure. Questa mattina, alle 12, presso l&#8217;Unit\u00e0 Spinale dell&#8217;ospedale Santa Corona di Pietra Ligure, alla presenza di autorit\u00e0 locali ed enti sportivi liguri, \u00e8 stato presentato l&#8217;ambulatorio di idoneit\u00e0 sportiva agonistica per disabili. L&#8217;ambulatorio \u00e8 stato creato con lo scopo di diventare un punto di riferimento in Liguria e nel Nord Italia per le [&hellip;]<\/p>\n","protected":false},"author":13744,"featured_media":0,"comment_status":"open","ping_status":"closed","sticky":false,"template":"","format":"standard","meta":{"footnotes":""},"categories":[34,32],"tags":[4721,732,2953,85830,948],"class_list":["post-76169","post","type-post","status-publish","format-standard","hentry","category-cronaca","category-sport","tag-ambulatorio","tag-disabili","tag-ospedale-santa-corona","tag-pietra-ligure","tag-unita-spinale-unipolare","post_cat_citta-pietra-ligure"],"amp_validity":null,"amp_enabled":true,"_links":{"self":[{"href":"https:\/\/staging.ivg.it\/ediapi\/wp\/v2\/posts\/76169","targetHints":{"allow":["GET"]}}],"collection":[{"href":"https:\/\/staging.ivg.it\/ediapi\/wp\/v2\/posts"}],"about":[{"href":"https:\/\/staging.ivg.it\/ediapi\/wp\/v2\/types\/post"}],"author":[{"embeddable":true,"href":"https:\/\/staging.ivg.it\/ediapi\/wp\/v2\/users\/13744"}],"replies":[{"embeddable":true,"href":"https:\/\/staging.ivg.it\/ediapi\/wp\/v2\/comments?post=76169"}],"version-history":[{"count":0,"href":"https:\/\/staging.ivg.it\/ediapi\/wp\/v2\/posts\/76169\/revisions"}],"wp:attachment":[{"href":"https:\/\/staging.ivg.it\/ediapi\/wp\/v2\/media?parent=76169"}],"wp:term":[{"taxonomy":"category","embeddable":true,"href":"https:\/\/staging.ivg.it\/ediapi\/wp\/v2\/categories?post=76169"},{"taxonomy":"post_tag","embeddable":true,"href":"https:\/\/staging.ivg.it\/ediapi\/wp\/v2\/tags?post=76169"}],"curies":[{"name":"wp","href":"https:\/\/api.w.org\/{rel}","templated":true}]}}