{"id":75811,"date":"2009-10-01T17:28:57","date_gmt":"2009-10-01T15:28:57","guid":{"rendered":"http:\/\/www.ivg.it\/2009\/10\/01\/regione-burlando-ad-ottobre-la-legge-per-il-piano-casa\/"},"modified":"2009-10-01T17:28:57","modified_gmt":"2009-10-01T15:28:57","slug":"regione-burlando-ad-ottobre-la-legge-per-il-piano-casa","status":"publish","type":"post","link":"https:\/\/staging.ivg.it\/2009\/10\/regione-burlando-ad-ottobre-la-legge-per-il-piano-casa\/","title":{"rendered":"Regione, Burlando: &#8220;Ad ottobre la legge per il piano-casa&#8221;"},"content":{"rendered":"<p><strong>[thumb:9441:l]Regione.<\/strong> La legge per il &#8220;piano-casa&#8221; approvata dalla Giunta regionale nello scorso luglio \u00e8 attualmente in discussione nella competente commissione del consiglio regionale, e il voto in aula per la definitiva approvazione \u00e8 previsto entro la fine di ottobre. E&#8217; stato lo stesso presidente della Regione Liguria, Claudio Burlando, ad intervenire sulla questione.<\/p>\n<p>&#8220;E&#8217; bene ricordare &#8211; ha osservato Burlando &#8211; che il governo aveva lanciato l&#8217;idea di un piano straordinario per la casa nella primavera scorsa, e che in seguito a un confronto con le Regioni lo stesso governo si era impegnato a approvare un decreto legge ai fini della semplificazione delle procedure e dell&#8217;inquadramento generale per le iniziative delle Regioni, competenti in questa materia&#8221;.<\/p>\n<p>&#8220;Si verific\u00f2 poi il sisma in Abruzzo &#8211; ricorda Burlando -. Il decreto di cui era stata concordata la definizione non \u00e8 mai stato licenziato dal governo, quindi nei mesi successivi le Regioni hanno deciso di procedere autonomamente. Cos\u00ec ha fatto anche la Liguria&#8221;.<\/p>\n<p>&#8220;Il testo di legge definito da noi &#8211; ha proseguito il presidente Burlando &#8211; \u00e8 orientato, com&#8217;\u00e8 noto, a favorire in particolare i proprietari di alloggi di minori dimensioni. C&#8217;\u00e8 stata nel frattempo una discussione in commissione con lo svolgimento di varie audizioni, con l&#8217;emersione di richieste e opinioni anche di segno opposto, nel senso di un allargamento delle maglie della legge o di un loro restringimento. A nostro giudizio le questioni pi\u00f9 rilevanti per valorizzare ulteriormente la legge sono tre: il riconoscimento, anche pi\u00f9 significativo di quanto era stato previsto, verso chi usa materiali tipici locali, come l&#8217;ardesia. In secondo luogo va accolta la richiesta che le possibilit\u00e0 di ampliamento riguardino anche le attivit\u00e0 produttive. Infine una forte attenzione va rivolta a tutte le azioni finalizzate al contenimento energetico&#8221;.<\/p>\n","protected":false},"excerpt":{"rendered":"<p>[thumb:9441:l]Regione. La legge per il &#8220;piano-casa&#8221; approvata dalla Giunta regionale nello scorso luglio \u00e8 attualmente in discussione nella competente commissione del consiglio regionale, e il voto in aula per la definitiva approvazione \u00e8 previsto entro la fine di ottobre. E&#8217; stato lo stesso presidente della Regione Liguria, Claudio Burlando, ad intervenire sulla questione. &#8220;E&#8217; bene [&hellip;]<\/p>\n","protected":false},"author":13744,"featured_media":0,"comment_status":"open","ping_status":"closed","sticky":false,"template":"","format":"standard","meta":{"footnotes":""},"categories":[],"tags":[1695,284,1752,8216,976,503,2397,1144,295,223],"class_list":["post-75811","post","type-post","status-publish","format-standard","hentry","tag-casa","tag-claudio-burlando","tag-consiglio-regionale","tag-decreto-legge","tag-giunta-regionale","tag-materiali","tag-presidente","tag-primavera","tag-regione","tag-regione-liguria","post_cat_citta-andora"],"amp_validity":null,"amp_enabled":true,"_links":{"self":[{"href":"https:\/\/staging.ivg.it\/ediapi\/wp\/v2\/posts\/75811","targetHints":{"allow":["GET"]}}],"collection":[{"href":"https:\/\/staging.ivg.it\/ediapi\/wp\/v2\/posts"}],"about":[{"href":"https:\/\/staging.ivg.it\/ediapi\/wp\/v2\/types\/post"}],"author":[{"embeddable":true,"href":"https:\/\/staging.ivg.it\/ediapi\/wp\/v2\/users\/13744"}],"replies":[{"embeddable":true,"href":"https:\/\/staging.ivg.it\/ediapi\/wp\/v2\/comments?post=75811"}],"version-history":[{"count":0,"href":"https:\/\/staging.ivg.it\/ediapi\/wp\/v2\/posts\/75811\/revisions"}],"wp:attachment":[{"href":"https:\/\/staging.ivg.it\/ediapi\/wp\/v2\/media?parent=75811"}],"wp:term":[{"taxonomy":"category","embeddable":true,"href":"https:\/\/staging.ivg.it\/ediapi\/wp\/v2\/categories?post=75811"},{"taxonomy":"post_tag","embeddable":true,"href":"https:\/\/staging.ivg.it\/ediapi\/wp\/v2\/tags?post=75811"}],"curies":[{"name":"wp","href":"https:\/\/api.w.org\/{rel}","templated":true}]}}