{"id":75733,"date":"2009-10-01T11:20:09","date_gmt":"2009-10-01T09:20:09","guid":{"rendered":"http:\/\/www.ivg.it\/2009\/10\/01\/loano-villa-amico-grazie-ai-finanziamenti-lavori-conclusi-entro-due-anni\/"},"modified":"2009-10-01T11:34:40","modified_gmt":"2009-10-01T09:34:40","slug":"loano-villa-amico-grazie-ai-finanziamenti-lavori-conclusi-entro-due-anni","status":"publish","type":"post","link":"https:\/\/staging.ivg.it\/2009\/10\/loano-villa-amico-grazie-ai-finanziamenti-lavori-conclusi-entro-due-anni\/","title":{"rendered":"Loano, villa Amico: grazie ai finanziamenti lavori conclusi entro due anni"},"content":{"rendered":"<p><strong>[thumb:10863:l]Loano<\/strong>. In questi giorni \u00e8 iniziata la posa della copertura di Villa Amico, che conclude il primo lotto dei lavori di ristrutturazione, consolidamento e ampliamento dell&#8217;immobile. Nel corso dell&#8217;estate sono pervenuti finanziamenti che hanno reso possibile l&#8217;acquisto dell&#8217;intero arredamento (70 mila euro donati dalla Fondazione De Mari-Carisa), del tetto (30 mila euro da una fondazione privata), nonch\u00e9 l&#8217;acquisto di una autovettura dedicata al trasporto dei futuri ospiti (ancora 8 mila euro dalla Fondazione De Mari-Carisa). Oltre 1700 euro sono stati ricavati da una serata benefica organizzata dall&#8217;Hotel Garden Lido di Loano e costante permane l&#8217;afflusso di piccole donazioni e contributi personali da parte di loanesi ed ospiti, a riprova del radicamento e dell&#8217;affezione al progetto da parte dei cittadini.<\/p>\n<p>Buone notizie inoltre arrivano dalla Regione Liguria che ha stanziato 150 mila euro spendibili gi\u00e0 nel 2009 ed una possibile opzione per ulteriore finanziamento nel 2010. &#8220;Siamo ora in grado di guardare con maggior serenit\u00e0 al completamento dei lavori, che potrebbero essere terminati in un paio d&#8217;anni se continuer\u00e0 il flusso dei finanziamenti&#8221; ha detto il dottor Giorgio Genta, presidente dell&#8217;associazione Dopodomani Onlus.<\/p>\n<p>&#8220;Ci rivolgiamo a tutti coloro, enti o privati cittadini, che erano in dubbio sulla realizzabilit\u00e0 del progetto: con il loro contributo possiamo portarlo a termine in tempi brevi. Ricordiamo che a Villa Amico, terminati i lavori, troveranno ospitalit\u00e0 in regime di &#8216;dopo di noi&#8217; 12 persone con disabilit\u00e0 anche grave e funzioner\u00e0 un centro studi per l&#8217;inserimento sociale delle persone con disabilit\u00e0 complesse. E&#8217; previsto inoltre che gli ampi locali a piano terreno, ad esempio la sala per conferenze per 60 persone a sedere, vengano messi a disposizione di associazioni ed enti che ne facciano richiesta&#8221; ha concluso Genta.<\/p>\n","protected":false},"excerpt":{"rendered":"<p>[thumb:10863:l]Loano. In questi giorni \u00e8 iniziata la posa della copertura di Villa Amico, che conclude il primo lotto dei lavori di ristrutturazione, consolidamento e ampliamento dell&#8217;immobile. Nel corso dell&#8217;estate sono pervenuti finanziamenti che hanno reso possibile l&#8217;acquisto dell&#8217;intero arredamento (70 mila euro donati dalla Fondazione De Mari-Carisa), del tetto (30 mila euro da una fondazione [&hellip;]<\/p>\n","protected":false},"author":13744,"featured_media":0,"comment_status":"open","ping_status":"closed","sticky":false,"template":"","format":"standard","meta":{"footnotes":""},"categories":[],"tags":[932,7218,1444,10822,12947,854,85827,6400,12946,7217],"class_list":["post-75733","post","type-post","status-publish","format-standard","hentry","tag-carisa","tag-dopodomani","tag-finanziamenti","tag-fondazione-de-mari","tag-giorgio-genta","tag-lavori","tag-loano","tag-onlus","tag-serata-benefica","tag-villa-amico","post_cat_citta-loano"],"amp_validity":null,"amp_enabled":true,"_links":{"self":[{"href":"https:\/\/staging.ivg.it\/ediapi\/wp\/v2\/posts\/75733","targetHints":{"allow":["GET"]}}],"collection":[{"href":"https:\/\/staging.ivg.it\/ediapi\/wp\/v2\/posts"}],"about":[{"href":"https:\/\/staging.ivg.it\/ediapi\/wp\/v2\/types\/post"}],"author":[{"embeddable":true,"href":"https:\/\/staging.ivg.it\/ediapi\/wp\/v2\/users\/13744"}],"replies":[{"embeddable":true,"href":"https:\/\/staging.ivg.it\/ediapi\/wp\/v2\/comments?post=75733"}],"version-history":[{"count":0,"href":"https:\/\/staging.ivg.it\/ediapi\/wp\/v2\/posts\/75733\/revisions"}],"wp:attachment":[{"href":"https:\/\/staging.ivg.it\/ediapi\/wp\/v2\/media?parent=75733"}],"wp:term":[{"taxonomy":"category","embeddable":true,"href":"https:\/\/staging.ivg.it\/ediapi\/wp\/v2\/categories?post=75733"},{"taxonomy":"post_tag","embeddable":true,"href":"https:\/\/staging.ivg.it\/ediapi\/wp\/v2\/tags?post=75733"}],"curies":[{"name":"wp","href":"https:\/\/api.w.org\/{rel}","templated":true}]}}