{"id":75706,"date":"2009-10-01T09:32:34","date_gmt":"2009-10-01T07:32:34","guid":{"rendered":"http:\/\/www.ivg.it\/?p=75706"},"modified":"2009-10-01T15:21:55","modified_gmt":"2009-10-01T13:21:55","slug":"informazione-no-al-guinzaglio-presidio-pubblico-a-savona","status":"publish","type":"post","link":"https:\/\/staging.ivg.it\/2009\/10\/informazione-no-al-guinzaglio-presidio-pubblico-a-savona\/","title":{"rendered":"Informazione, no al guinzaglio: presidio pubblico a Savona"},"content":{"rendered":"<p><strong>[thumb:7107:l]Savona<\/strong>. Anche a Savona una serie di associazioni, movimenti politici e sindacati daranno vita ad un presidio pubblico in difesa della libert\u00e0 di informazione, di opinione e di espressione. L&#8217;appuntamento \u00e8 fissato in piazza Sisto IV alle ore 16 di sabato prossimo, 3 ottobre, lo stesso giorno in cui a Roma i giornalisti italiani, rispondendo all&#8217;appello della Federazione Nazionale della Stampa Italiana, manifesteranno in piazza del Popolo.<\/p>\n<p>Aderiscono alla mobilitazione savonese: Anpi, Arci, Auser, Casa dei Circoli e delle Culture, Cgil, Donne in nero, Emergency, Fsni Liguria, Giovani Democratici, Italia dei Valori, Partito dei Comunisti Italiani, Partito della Rifondazione Comunista, Partito Democratico, Partito Socialista, Sinistra Democratica, Sinistra e Libert\u00e0.<\/p>\n<p>&#8220;L&#8217;informazione non deve subire alcuna forma di bavaglio &#8211; spiegano gli organizzatori della manifestazione &#8211; Il  mondo dell&#8217;informazione, insieme al mondo del lavoro e della societ\u00e0 civile,  a tutti i cittadini e le cittadine, sono  chiamati a scongiurare questo pericolo. L&#8217;informazione \u00e8 un pilastro di ogni democrazia e la sua funzione non appartiene alla disponibilit\u00e0 del potere di turno. Difendiamo i principi e i valori dell&#8217;articolo 21 della  Costituzione  e tuteliamo il diritto inalienabile di ogni cittadino ad un&#8217;informazione libera, completa e plurale&#8221;.<\/p>\n","protected":false},"excerpt":{"rendered":"<p>[thumb:7107:l]Savona. Anche a Savona una serie di associazioni, movimenti politici e sindacati daranno vita ad un presidio pubblico in difesa della libert\u00e0 di informazione, di opinione e di espressione. L&#8217;appuntamento \u00e8 fissato in piazza Sisto IV alle ore 16 di sabato prossimo, 3 ottobre, lo stesso giorno in cui a Roma i giornalisti italiani, rispondendo [&hellip;]<\/p>\n","protected":false},"author":13744,"featured_media":0,"comment_status":"open","ping_status":"closed","sticky":false,"template":"","format":"standard","meta":{"footnotes":""},"categories":[31],"tags":[3017,915,1497,781,85850],"class_list":["post-75706","post","type-post","status-publish","format-standard","hentry","category-politica","tag-giornalisti","tag-informazione","tag-presidio","tag-protesta","tag-savona","post_cat_citta-andora","post_cat_citta-savona"],"amp_validity":null,"amp_enabled":true,"_links":{"self":[{"href":"https:\/\/staging.ivg.it\/ediapi\/wp\/v2\/posts\/75706","targetHints":{"allow":["GET"]}}],"collection":[{"href":"https:\/\/staging.ivg.it\/ediapi\/wp\/v2\/posts"}],"about":[{"href":"https:\/\/staging.ivg.it\/ediapi\/wp\/v2\/types\/post"}],"author":[{"embeddable":true,"href":"https:\/\/staging.ivg.it\/ediapi\/wp\/v2\/users\/13744"}],"replies":[{"embeddable":true,"href":"https:\/\/staging.ivg.it\/ediapi\/wp\/v2\/comments?post=75706"}],"version-history":[{"count":0,"href":"https:\/\/staging.ivg.it\/ediapi\/wp\/v2\/posts\/75706\/revisions"}],"wp:attachment":[{"href":"https:\/\/staging.ivg.it\/ediapi\/wp\/v2\/media?parent=75706"}],"wp:term":[{"taxonomy":"category","embeddable":true,"href":"https:\/\/staging.ivg.it\/ediapi\/wp\/v2\/categories?post=75706"},{"taxonomy":"post_tag","embeddable":true,"href":"https:\/\/staging.ivg.it\/ediapi\/wp\/v2\/tags?post=75706"}],"curies":[{"name":"wp","href":"https:\/\/api.w.org\/{rel}","templated":true}]}}