{"id":75627,"date":"2009-09-30T12:45:55","date_gmt":"2009-09-30T10:45:55","guid":{"rendered":"http:\/\/www.ivg.it\/2009\/09\/30\/albissola-insegna-sabatelli-lenzi-vivialbissola-chiede-chiarimenti-al-sindaco\/"},"modified":"2009-09-30T12:46:42","modified_gmt":"2009-09-30T10:46:42","slug":"albissola-insegna-sabatelli-lenzi-vivialbissola-chiede-chiarimenti-al-sindaco","status":"publish","type":"post","link":"https:\/\/staging.ivg.it\/2009\/09\/albissola-insegna-sabatelli-lenzi-vivialbissola-chiede-chiarimenti-al-sindaco\/","title":{"rendered":"Albissola, targa Sabatelli: Lenzi (ViviAlbissola) chiede chiarimenti al sindaco"},"content":{"rendered":"<p><strong>[thumb:287:l]Albissola Marina<\/strong>. Il consigliere comunale Fabio Lenzi del gruppo ViviAlbissola ha scritto al sindaco Nicol\u00f2 Vicenzi per chiedere chiarimenti sul &#8220;caso&#8221; dell&#8217;insegna realizzata da Sabatelli e recentemente rimossa da via Repetto. Lenzi ha domandato al primo cittadino &#8220;quali siano gli intendimenti dell&#8217;amministrazione comunale in merito all&#8217;insegna&#8221;.<\/p>\n<p>&#8220;Credo che l&#8217;insegna rappresenti un esempio di rara sensibilit\u00e0 del committente che, se seguito da altri, avrebbe reso ancora pi\u00f9 affascinante e ricco il &#8216;museo all&#8217;aperto&#8217; di Albissola. Non si pu\u00f2 naturalmente dimenticare il valore artistico e storico dell&#8217;opera che, oltretutto, rappresenta un  elemento di arredo urbano legato alla grande tradizione artistica albissolese. Per questo Vorrei sapere se sono stati presi contatti con i proprietari dell&#8217;opera d&#8217;arte e se sia stato valutato l&#8217;acquisto della stessa da parte del Comune&#8221; ha concluso il consigliere comunale.<\/p>\n","protected":false},"excerpt":{"rendered":"<p>[thumb:287:l]Albissola Marina. Il consigliere comunale Fabio Lenzi del gruppo ViviAlbissola ha scritto al sindaco Nicol\u00f2 Vicenzi per chiedere chiarimenti sul &#8220;caso&#8221; dell&#8217;insegna realizzata da Sabatelli e recentemente rimossa da via Repetto. Lenzi ha domandato al primo cittadino &#8220;quali siano gli intendimenti dell&#8217;amministrazione comunale in merito all&#8217;insegna&#8221;. &#8220;Credo che l&#8217;insegna rappresenti un esempio di rara sensibilit\u00e0 [&hellip;]<\/p>\n","protected":false},"author":2394,"featured_media":0,"comment_status":"open","ping_status":"closed","sticky":false,"template":"","format":"standard","meta":{"footnotes":""},"categories":[31],"tags":[86007,12635,8001,85999,9640],"class_list":["post-75627","post","type-post","status-publish","format-standard","hentry","category-politica","tag-albissola-marina","tag-chiarimenti","tag-sabatelli","tag-sindaco","tag-vivi-albissola","post_cat_citta-albissola-marina"],"amp_validity":null,"amp_enabled":true,"_links":{"self":[{"href":"https:\/\/staging.ivg.it\/ediapi\/wp\/v2\/posts\/75627","targetHints":{"allow":["GET"]}}],"collection":[{"href":"https:\/\/staging.ivg.it\/ediapi\/wp\/v2\/posts"}],"about":[{"href":"https:\/\/staging.ivg.it\/ediapi\/wp\/v2\/types\/post"}],"author":[{"embeddable":true,"href":"https:\/\/staging.ivg.it\/ediapi\/wp\/v2\/users\/2394"}],"replies":[{"embeddable":true,"href":"https:\/\/staging.ivg.it\/ediapi\/wp\/v2\/comments?post=75627"}],"version-history":[{"count":0,"href":"https:\/\/staging.ivg.it\/ediapi\/wp\/v2\/posts\/75627\/revisions"}],"wp:attachment":[{"href":"https:\/\/staging.ivg.it\/ediapi\/wp\/v2\/media?parent=75627"}],"wp:term":[{"taxonomy":"category","embeddable":true,"href":"https:\/\/staging.ivg.it\/ediapi\/wp\/v2\/categories?post=75627"},{"taxonomy":"post_tag","embeddable":true,"href":"https:\/\/staging.ivg.it\/ediapi\/wp\/v2\/tags?post=75627"}],"curies":[{"name":"wp","href":"https:\/\/api.w.org\/{rel}","templated":true}]}}