{"id":75590,"date":"2009-09-30T07:19:21","date_gmt":"2009-09-30T05:19:21","guid":{"rendered":"http:\/\/www.ivg.it\/2009\/09\/30\/fusione-sar-acts-la-provincia-vota-odg\/"},"modified":"2009-09-30T16:33:48","modified_gmt":"2009-09-30T14:33:48","slug":"fusione-sar-acts-la-provincia-vota-odg","status":"publish","type":"post","link":"https:\/\/staging.ivg.it\/2009\/09\/fusione-sar-acts-la-provincia-vota-odg\/","title":{"rendered":"Fusione Sar-Acts: la Provincia vota odg"},"content":{"rendered":"<p><strong>[thumb:14479:l]Savona<\/strong>. La Provincia di Savona preme per l&#8217;unificazione della Sar e dell&#8217;Acts per la creazione di un&#8217;unica societ\u00e0 di gestione del servizio di trasporto pubblico. In consiglio provinciale \u00e8 stato votato all&#8217;unanimit\u00e0 un ordine del giorno con il quale Palazzo Nervo chiede che &#8220;lo strumento pi\u00f9 giusto per avviare il processo di fusione sia un serio e approfondito piano industriale, coinvolgendo anche gli enti a cominciare dal comune capoluogo&#8221;.<\/p>\n<p>Per il processo di unificazione delle due societ\u00e0 inoltre dovr\u00e0 essere garantita anche l&#8217;occupazione e un servizio adeguato per l&#8217;utenza. Il capogruppo del Pd, Giovanni Lunardon, ha spiegato che &#8220;la minoranza del consiglio ha deciso di appoggiare l&#8217;idea di unificare le due societ\u00e0 avanzata dalla maggioranza perch\u00e9 si tratta di un processo pi\u00f9 che logico. E&#8217; arrivato il momento che si uniscano le forze delle due societ\u00e0 savonesi a beneficio dell&#8217;utenza&#8221;.<\/p>\n<p>Era stato l&#8217;assessore ai trasporti Paolo Marson ad illustrare la pratica: &#8220;Si tratta di un&#8217;iniziativa, quella della fusione delle due aziende, importante per migliorare anche un servizio per l&#8217;utenza con un risparmio notevole dei costi di gestione anche per la futura creazione di una grande azienda di trasporto pubblico con Imperia dove il servizio \u00e8 gestito dalla Riviera Trasporti&#8221;.<\/p>\n","protected":false},"excerpt":{"rendered":"<p>[thumb:14479:l]Savona. La Provincia di Savona preme per l&#8217;unificazione della Sar e dell&#8217;Acts per la creazione di un&#8217;unica societ\u00e0 di gestione del servizio di trasporto pubblico. In consiglio provinciale \u00e8 stato votato all&#8217;unanimit\u00e0 un ordine del giorno con il quale Palazzo Nervo chiede che &#8220;lo strumento pi\u00f9 giusto per avviare il processo di fusione sia un [&hellip;]<\/p>\n","protected":false},"author":13744,"featured_media":0,"comment_status":"open","ping_status":"closed","sticky":false,"template":"","format":"standard","meta":{"footnotes":""},"categories":[35],"tags":[594,593,375,2562,85850,909],"class_list":["post-75590","post","type-post","status-publish","format-standard","hentry","category-economia","tag-acts","tag-bus","tag-provincia","tag-sar","tag-savona","tag-trasporti","post_cat_citta-andora","post_cat_citta-savona"],"amp_validity":null,"amp_enabled":true,"_links":{"self":[{"href":"https:\/\/staging.ivg.it\/ediapi\/wp\/v2\/posts\/75590","targetHints":{"allow":["GET"]}}],"collection":[{"href":"https:\/\/staging.ivg.it\/ediapi\/wp\/v2\/posts"}],"about":[{"href":"https:\/\/staging.ivg.it\/ediapi\/wp\/v2\/types\/post"}],"author":[{"embeddable":true,"href":"https:\/\/staging.ivg.it\/ediapi\/wp\/v2\/users\/13744"}],"replies":[{"embeddable":true,"href":"https:\/\/staging.ivg.it\/ediapi\/wp\/v2\/comments?post=75590"}],"version-history":[{"count":0,"href":"https:\/\/staging.ivg.it\/ediapi\/wp\/v2\/posts\/75590\/revisions"}],"wp:attachment":[{"href":"https:\/\/staging.ivg.it\/ediapi\/wp\/v2\/media?parent=75590"}],"wp:term":[{"taxonomy":"category","embeddable":true,"href":"https:\/\/staging.ivg.it\/ediapi\/wp\/v2\/categories?post=75590"},{"taxonomy":"post_tag","embeddable":true,"href":"https:\/\/staging.ivg.it\/ediapi\/wp\/v2\/tags?post=75590"}],"curies":[{"name":"wp","href":"https:\/\/api.w.org\/{rel}","templated":true}]}}