{"id":75172,"date":"2009-09-26T09:17:27","date_gmt":"2009-09-26T07:17:27","guid":{"rendered":"http:\/\/www.ivg.it\/2009\/09\/26\/terremoto-in-abruzzo-la-regione-premia-i-volontati-e-discute-dellintervento\/"},"modified":"2009-09-26T14:05:50","modified_gmt":"2009-09-26T12:05:50","slug":"terremoto-in-abruzzo-la-regione-premia-i-volontari-e-discute-dellintervento","status":"publish","type":"post","link":"https:\/\/staging.ivg.it\/2009\/09\/terremoto-in-abruzzo-la-regione-premia-i-volontari-e-discute-dellintervento\/","title":{"rendered":"Terremoto in Abruzzo: la Regione premia i volontari e discute dell&#8217;intervento"},"content":{"rendered":"<p><strong>[thumb:12797:l]Liguria.<\/strong> E&#8217; in corso di svolgimento in queste ore la manifestazione della Regione Liguria per premiare i volontari della Protezione civile impegnati nelle operazioni di soccorso alla popolazione abruzzese colpita dal sisma dello scorso aprile. Tra i protagonisti della giornata le associazioni ed i gruppi comunali della provincia di Savona aderenti al Flab-Pc, la federazione ligure dell&#8217;antincendio e della protezione civile, che hanno contribuito in maniera determinante alla costituzione della colonna mobile regionale.<\/p>\n<p>L&#8217;appuntamento, a Villa Serra di Comago, nel comune di Sant&#8217;Olcese, che vedr\u00e0 la presenza del presidente della Regione, Claudio Burlando, e dell&#8217;assessore Giancarlo Cassini, sar\u00e0 suddiviso in due parti: si discuter\u00e0 infatti della gestione dell&#8217;emergenza nella sua primissima fase e poi del suo sviluppo, con i lavori di rilevamento tecnico relativi alla statica degli edifici realizzati dalla Regione e dalla Province liguri.<\/p>\n","protected":false},"excerpt":{"rendered":"<p>[thumb:12797:l]Liguria. E&#8217; in corso di svolgimento in queste ore la manifestazione della Regione Liguria per premiare i volontari della Protezione civile impegnati nelle operazioni di soccorso alla popolazione abruzzese colpita dal sisma dello scorso aprile. Tra i protagonisti della giornata le associazioni ed i gruppi comunali della provincia di Savona aderenti al Flab-Pc, la federazione [&hellip;]<\/p>\n","protected":false},"author":13744,"featured_media":0,"comment_status":"open","ping_status":"closed","sticky":false,"template":"","format":"standard","meta":{"footnotes":""},"categories":[56],"tags":[8383,393,677,375,295,3040],"class_list":["post-75172","post","type-post","status-publish","format-standard","hentry","category-altre","tag-abruzzo","tag-liguria","tag-protezione-civile","tag-provincia","tag-regione","tag-terremoto","post_cat_citta-andora","post_cat_citta-quiliano","post_cat_citta-savona"],"amp_validity":null,"amp_enabled":true,"_links":{"self":[{"href":"https:\/\/staging.ivg.it\/ediapi\/wp\/v2\/posts\/75172","targetHints":{"allow":["GET"]}}],"collection":[{"href":"https:\/\/staging.ivg.it\/ediapi\/wp\/v2\/posts"}],"about":[{"href":"https:\/\/staging.ivg.it\/ediapi\/wp\/v2\/types\/post"}],"author":[{"embeddable":true,"href":"https:\/\/staging.ivg.it\/ediapi\/wp\/v2\/users\/13744"}],"replies":[{"embeddable":true,"href":"https:\/\/staging.ivg.it\/ediapi\/wp\/v2\/comments?post=75172"}],"version-history":[{"count":0,"href":"https:\/\/staging.ivg.it\/ediapi\/wp\/v2\/posts\/75172\/revisions"}],"wp:attachment":[{"href":"https:\/\/staging.ivg.it\/ediapi\/wp\/v2\/media?parent=75172"}],"wp:term":[{"taxonomy":"category","embeddable":true,"href":"https:\/\/staging.ivg.it\/ediapi\/wp\/v2\/categories?post=75172"},{"taxonomy":"post_tag","embeddable":true,"href":"https:\/\/staging.ivg.it\/ediapi\/wp\/v2\/tags?post=75172"}],"curies":[{"name":"wp","href":"https:\/\/api.w.org\/{rel}","templated":true}]}}