{"id":75000,"date":"2009-09-24T11:42:13","date_gmt":"2009-09-24T09:42:13","guid":{"rendered":"http:\/\/www.ivg.it\/2009\/09\/24\/scuola-saltano-le-sezione-primavera-vasconi-intervenga-le-regione\/"},"modified":"2009-09-24T14:47:54","modified_gmt":"2009-09-24T12:47:54","slug":"scuola-saltano-le-sezioni-primavera-vasconi-intervenga-la-regione","status":"publish","type":"post","link":"https:\/\/staging.ivg.it\/2009\/09\/scuola-saltano-le-sezioni-primavera-vasconi-intervenga-la-regione\/","title":{"rendered":"Scuola, &#8220;saltano&#8221; le sezioni primavera; Vasconi: &#8220;Intervenga la Regione&#8221;"},"content":{"rendered":"<p><strong>[thumb:13089:l]Liguria. <\/strong>Per mancanza di fondi &#8220;saltano&#8221; le sezioni primavera (classi nate per favorire l&#8217;inserimento dei bambini dai 2 ai 3 anni nella scuola dell&#8217;infanzia), finanziate in egual misura dal ministero della Pubblica Istruzione e dalla Regione Liguria, ed il consigliere regionale dei Verdi Carlo Vasconi lancia una proposta: &#8220;La giunta si faccia carico di anticipare l&#8217;intera cifra per la gestione, in attesa che si sblocchino i fondi statali. Il blocco coinvolge 2.500 bambini, suddivisi tra le quattro province, e costituisce una situazione di emergenza per tutte le famiglie coinvolte, che va sanata con un tempestivo intervento regionale&#8221;.<\/p>\n<p>&#8220;Finora i comuni pi\u00f9 illuminati hanno anticipato i soldi delle sezioni primavera, mentre tutti gli altri aspettano una risposta ad un servizio che era stato loro promesso. I genitori hanno dovuto dare la loro adesione con largo anticipo lo scorso gennaio, pagando la quota assicurativa&#8221; prosegue poi Vasconi.<\/p>\n<p>&#8220;Una volta risolta l&#8217;emergenza va chiarito a tutti, al di l\u00e0 delle appartenenze politiche, che questo comportamento da parte del ministero della pubblica istruzione \u00e8 vergognoso. La scuola &#8211; conclude l&#8217;esponente verde &#8211; non \u00e8 stata riformata ma \u00e8 stata azzoppata con grandi disagi e sofferenze per moltissime famiglie, mentre sui giornali continua il dileggio dell&#8217;insegnante fannullone&#8221;.<\/p>\n","protected":false},"excerpt":{"rendered":"<p>[thumb:13089:l]Liguria. Per mancanza di fondi &#8220;saltano&#8221; le sezioni primavera (classi nate per favorire l&#8217;inserimento dei bambini dai 2 ai 3 anni nella scuola dell&#8217;infanzia), finanziate in egual misura dal ministero della Pubblica Istruzione e dalla Regione Liguria, ed il consigliere regionale dei Verdi Carlo Vasconi lancia una proposta: &#8220;La giunta si faccia carico di anticipare [&hellip;]<\/p>\n","protected":false},"author":13744,"featured_media":0,"comment_status":"open","ping_status":"closed","sticky":false,"template":"","format":"standard","meta":{"footnotes":""},"categories":[56,31],"tags":[965,393,3302,295,199],"class_list":["post-75000","post","type-post","status-publish","format-standard","hentry","category-altre","category-politica","tag-carlo-vasconi","tag-liguria","tag-polemica","tag-regione","tag-scuola","post_cat_citta-andora","post_cat_citta-savona"],"amp_validity":null,"amp_enabled":true,"_links":{"self":[{"href":"https:\/\/staging.ivg.it\/ediapi\/wp\/v2\/posts\/75000","targetHints":{"allow":["GET"]}}],"collection":[{"href":"https:\/\/staging.ivg.it\/ediapi\/wp\/v2\/posts"}],"about":[{"href":"https:\/\/staging.ivg.it\/ediapi\/wp\/v2\/types\/post"}],"author":[{"embeddable":true,"href":"https:\/\/staging.ivg.it\/ediapi\/wp\/v2\/users\/13744"}],"replies":[{"embeddable":true,"href":"https:\/\/staging.ivg.it\/ediapi\/wp\/v2\/comments?post=75000"}],"version-history":[{"count":0,"href":"https:\/\/staging.ivg.it\/ediapi\/wp\/v2\/posts\/75000\/revisions"}],"wp:attachment":[{"href":"https:\/\/staging.ivg.it\/ediapi\/wp\/v2\/media?parent=75000"}],"wp:term":[{"taxonomy":"category","embeddable":true,"href":"https:\/\/staging.ivg.it\/ediapi\/wp\/v2\/categories?post=75000"},{"taxonomy":"post_tag","embeddable":true,"href":"https:\/\/staging.ivg.it\/ediapi\/wp\/v2\/tags?post=75000"}],"curies":[{"name":"wp","href":"https:\/\/api.w.org\/{rel}","templated":true}]}}