{"id":74634,"date":"2009-09-21T11:27:28","date_gmt":"2009-09-21T09:27:28","guid":{"rendered":"http:\/\/www.ivg.it\/2009\/09\/21\/loano-mercoledi-lincontro-dedicato-al-distretto-dellalto-tirreno\/"},"modified":"2009-09-21T19:14:40","modified_gmt":"2009-09-21T17:14:40","slug":"loano-mercoledi-lincontro-dedicato-al-distretto-dellalto-tirreno","status":"publish","type":"post","link":"https:\/\/staging.ivg.it\/2009\/09\/loano-mercoledi-lincontro-dedicato-al-distretto-dellalto-tirreno\/","title":{"rendered":"Loano, mercoled\u00ec l&#8217;incontro dedicato al distretto dell&#8217;Alto Tirreno"},"content":{"rendered":"<p><strong>[thumb:14293:l]Loano.<\/strong> Conto alla rovescia per il convegno &#8220;Nautica, porticcioli, porte, portali. Per il turismo tra innovazione e tecnologia. Verso un distretto Alto Tirrenico&#8221;, in programma mercoled\u00ec 23 settembre al &#8220;Loano2 Village&#8221;. Al centro dell&#8217;incontro il tema della nascita di un distretto dell&#8217;Alto Tirreno, uno dei punti gi\u00e0 nell&#8217;agenda delle amministrazioni regionali di Liguria, Sardegna, Corsica, Toscana e Costa Azzurra. La nuova realt\u00e0 economico-territoriale potr\u00e0 prendere forma grazie all&#8217;innovazione e alla tecnologia che sempre di pi\u00f9 interessano il mondo della nautica da diporto e i porticcioli turistici. L&#8217;incontro \u00e8 stato promosso nell&#8217;ambito dei programmi europei di cooperazione transfrontaliera.<\/p>\n<p>Nel corso della giornata istituzioni, docenti universitari delle Universit\u00e0 di Pisa e della Bocconi, esperti provenienti da Corsica e Costa Azzurra presenteranno le potenzialit\u00e0 del sistema nautico del Tirreno settentrionale. Interverranno, fra gli altri, i sindaco di Loano e presidente della Provincia di Savona Angelo Vaccarezza, il presidente del distretto nautico del Tigullio Cesare Sangermani, Lorenzo Forcieri, presidente distretto delle tecnologie del mare della Spezia, l&#8217;advisor dei progetti istituzionali di Ucina Roberto Neglia, il direttore dell&#8217;agenzia di promozione turistica &#8220;In Liguria&#8221; Angelo Berlangieri, il direttore di Arpal Bruno Soracco, il presidente del distretto nautico di Viareggio Antonio Marino,  l&#8217;assessore regionale all&#8217;Urbanistica Carlo Ruggeri.<\/p>\n","protected":false},"excerpt":{"rendered":"<p>[thumb:14293:l]Loano. Conto alla rovescia per il convegno &#8220;Nautica, porticcioli, porte, portali. Per il turismo tra innovazione e tecnologia. Verso un distretto Alto Tirrenico&#8221;, in programma mercoled\u00ec 23 settembre al &#8220;Loano2 Village&#8221;. Al centro dell&#8217;incontro il tema della nascita di un distretto dell&#8217;Alto Tirreno, uno dei punti gi\u00e0 nell&#8217;agenda delle amministrazioni regionali di Liguria, Sardegna, Corsica, [&hellip;]<\/p>\n","protected":false},"author":13744,"featured_media":0,"comment_status":"open","ping_status":"closed","sticky":false,"template":"","format":"standard","meta":{"footnotes":""},"categories":[56,35],"tags":[9016,85827,2087,375],"class_list":["post-74634","post","type-post","status-publish","format-standard","hentry","category-altre","category-economia","tag-alto-tirreno","tag-loano","tag-nautica","tag-provincia","post_cat_citta-loano"],"amp_validity":null,"amp_enabled":true,"_links":{"self":[{"href":"https:\/\/staging.ivg.it\/ediapi\/wp\/v2\/posts\/74634","targetHints":{"allow":["GET"]}}],"collection":[{"href":"https:\/\/staging.ivg.it\/ediapi\/wp\/v2\/posts"}],"about":[{"href":"https:\/\/staging.ivg.it\/ediapi\/wp\/v2\/types\/post"}],"author":[{"embeddable":true,"href":"https:\/\/staging.ivg.it\/ediapi\/wp\/v2\/users\/13744"}],"replies":[{"embeddable":true,"href":"https:\/\/staging.ivg.it\/ediapi\/wp\/v2\/comments?post=74634"}],"version-history":[{"count":0,"href":"https:\/\/staging.ivg.it\/ediapi\/wp\/v2\/posts\/74634\/revisions"}],"wp:attachment":[{"href":"https:\/\/staging.ivg.it\/ediapi\/wp\/v2\/media?parent=74634"}],"wp:term":[{"taxonomy":"category","embeddable":true,"href":"https:\/\/staging.ivg.it\/ediapi\/wp\/v2\/categories?post=74634"},{"taxonomy":"post_tag","embeddable":true,"href":"https:\/\/staging.ivg.it\/ediapi\/wp\/v2\/tags?post=74634"}],"curies":[{"name":"wp","href":"https:\/\/api.w.org\/{rel}","templated":true}]}}