{"id":74444,"date":"2009-09-19T11:45:51","date_gmt":"2009-09-19T09:45:51","guid":{"rendered":"http:\/\/www.ivg.it\/2009\/09\/19\/banda-larga-si-dellue-agli-aiuti-di-stato-per-colmare-il-digital-dividesi-agli-aiuti-pubblici-alla-banda-larga-e-alle-reti-di-nuova-generazione-per-favorirne-la-diffusione-ma-solo-in-quelle-aree\/"},"modified":"2009-09-19T12:37:11","modified_gmt":"2009-09-19T10:37:11","slug":"banda-larga-si-dellue-agli-aiuti-di-stato-per-colmare-il-digital-dividesi-agli-aiuti-pubblici-alla-banda-larga-e-alle-reti-di-nuova-generazione-per-favorirne-la-diffusione-ma-solo-in-quelle-aree","status":"publish","type":"post","link":"https:\/\/staging.ivg.it\/2009\/09\/banda-larga-si-dellue-agli-aiuti-di-stato-per-colmare-il-digital-dividesi-agli-aiuti-pubblici-alla-banda-larga-e-alle-reti-di-nuova-generazione-per-favorirne-la-diffusione-ma-solo-in-quelle-aree\/","title":{"rendered":"Banda larga, s\u00ec dell&#8217;UE agli aiuti di Stato per colmare il digital divide"},"content":{"rendered":"<p><strong>[thumb:66:l]Bruxelles<\/strong>. S\u00ec agli aiuti pubblici alla banda larga e alle reti di nuova generazione, per favorirne la diffusione, ma solo in quelle aree dove non vi sono ancora infrastrutture, come quelle rurali dove gli operatori non investono. E&#8217; quanto stabilito oggi dalla Commissione Ue, nelle linee guida per gli aiuti di Stato alla banda larga.<\/p>\n<p>&#8220;Bench\u00e9 gli investimenti nelle reti a banda larga ad alta ed altissima velocit\u00e0 debbano essere realizzati anzitutto da operatori privati, l&#8217;intervento pubblico pu\u00f2 avere una funzione essenziale per estendere la copertura ad aree dove gli operatori non prevedono di investire&#8221;, ha detto oggi il commissario alla Concorrenza, Neelie Kroes. Perch\u00e9, spiega il commissario, \u00e8 pi\u00f9 redditizio costruire reti in zone dove la domanda potenziale \u00e8 superiore, vale a dire in aree densamente popolate che Bruxelles definisce &#8220;aree nere&#8221;.<\/p>\n<p>Nelle aree nere non saranno concessi aiuti di Stato, che invece sar\u00e0 pi\u00f9 semplice ottenere nelle &#8220;aree grigie o bianche&#8221;, ovvero quelle dove gli operatori privati non investono e dove la Commissione Ue vuole invece un maggiore sviluppo.<\/p>\n","protected":false},"excerpt":{"rendered":"<p>[thumb:66:l]Bruxelles. S\u00ec agli aiuti pubblici alla banda larga e alle reti di nuova generazione, per favorirne la diffusione, ma solo in quelle aree dove non vi sono ancora infrastrutture, come quelle rurali dove gli operatori non investono. E&#8217; quanto stabilito oggi dalla Commissione Ue, nelle linee guida per gli aiuti di Stato alla banda larga. [&hellip;]<\/p>\n","protected":false},"author":13744,"featured_media":0,"comment_status":"open","ping_status":"closed","sticky":false,"template":"","format":"standard","meta":{"footnotes":""},"categories":[35],"tags":[6860,469,12529,2618],"class_list":["post-74444","post","type-post","status-publish","format-standard","hentry","category-economia","tag-adsl","tag-banda-larga","tag-digital-divide","tag-unione-europea","post_cat_citta-andora"],"amp_validity":null,"amp_enabled":true,"_links":{"self":[{"href":"https:\/\/staging.ivg.it\/ediapi\/wp\/v2\/posts\/74444","targetHints":{"allow":["GET"]}}],"collection":[{"href":"https:\/\/staging.ivg.it\/ediapi\/wp\/v2\/posts"}],"about":[{"href":"https:\/\/staging.ivg.it\/ediapi\/wp\/v2\/types\/post"}],"author":[{"embeddable":true,"href":"https:\/\/staging.ivg.it\/ediapi\/wp\/v2\/users\/13744"}],"replies":[{"embeddable":true,"href":"https:\/\/staging.ivg.it\/ediapi\/wp\/v2\/comments?post=74444"}],"version-history":[{"count":0,"href":"https:\/\/staging.ivg.it\/ediapi\/wp\/v2\/posts\/74444\/revisions"}],"wp:attachment":[{"href":"https:\/\/staging.ivg.it\/ediapi\/wp\/v2\/media?parent=74444"}],"wp:term":[{"taxonomy":"category","embeddable":true,"href":"https:\/\/staging.ivg.it\/ediapi\/wp\/v2\/categories?post=74444"},{"taxonomy":"post_tag","embeddable":true,"href":"https:\/\/staging.ivg.it\/ediapi\/wp\/v2\/tags?post=74444"}],"curies":[{"name":"wp","href":"https:\/\/api.w.org\/{rel}","templated":true}]}}