{"id":74294,"date":"2009-09-18T08:13:06","date_gmt":"2009-09-18T06:13:06","guid":{"rendered":"http:\/\/www.ivg.it\/2009\/09\/18\/savona-esce-con-il-carrello-senza-pagare-anziano-assolto\/"},"modified":"2009-09-18T08:13:06","modified_gmt":"2009-09-18T06:13:06","slug":"savona-esce-con-il-carrello-senza-pagare-anziano-assolto","status":"publish","type":"post","link":"https:\/\/staging.ivg.it\/2009\/09\/savona-esce-con-il-carrello-senza-pagare-anziano-assolto\/","title":{"rendered":"Savona, esce con il carrello senza pagare: anziano assolto"},"content":{"rendered":"<p><strong>[thumb:1204:l]Savona<\/strong>. Assolto dall&#8217;accusa di furto perch\u00e9 soffre di disturbi di orientamento e di memoria. Un anziano savonese, cos\u00ec, se l&#8217;\u00e8 cavata in tribunale, dove doveva rispondere della sottrazione di merce dall&#8217;Ipercoop per un importo di 22 euro. Due anni fa l&#8217;uomo, che oggi ha 76 anni, aveva preso dagli scaffali del supermercato un paio di jeans, un pacco di carta igienica e un po&#8217; di pompelmi ed era uscito senza fermarsi alle casse.<\/p>\n<p>In aula giudiziaria il giudice lo ha assolto &#8220;perch\u00e9 il fatto non costituisce reato&#8221;. L&#8217;avvocato d&#8217;ufficio ha dimostrato i disturbi del pensionato esibendo certificati medici. A confermare la buona fede dell&#8217;uomo anche ci\u00f2 che lo stesso aveva detto dopo essere stato fermato con il carrello poco oltre la barriera: &#8220;Credevo di essere sempre dentro al supermercato&#8221;.<\/p>\n","protected":false},"excerpt":{"rendered":"<p>[thumb:1204:l]Savona. Assolto dall&#8217;accusa di furto perch\u00e9 soffre di disturbi di orientamento e di memoria. Un anziano savonese, cos\u00ec, se l&#8217;\u00e8 cavata in tribunale, dove doveva rispondere della sottrazione di merce dall&#8217;Ipercoop per un importo di 22 euro. Due anni fa l&#8217;uomo, che oggi ha 76 anni, aveva preso dagli scaffali del supermercato un paio di [&hellip;]<\/p>\n","protected":false},"author":13744,"featured_media":0,"comment_status":"open","ping_status":"closed","sticky":false,"template":"","format":"standard","meta":{"footnotes":""},"categories":[34],"tags":[2299,1034,471,85850],"class_list":["post-74294","post","type-post","status-publish","format-standard","hentry","category-cronaca","tag-assoluzione","tag-furto","tag-ipercoop","tag-savona","post_cat_citta-savona"],"amp_validity":null,"amp_enabled":true,"_links":{"self":[{"href":"https:\/\/staging.ivg.it\/ediapi\/wp\/v2\/posts\/74294","targetHints":{"allow":["GET"]}}],"collection":[{"href":"https:\/\/staging.ivg.it\/ediapi\/wp\/v2\/posts"}],"about":[{"href":"https:\/\/staging.ivg.it\/ediapi\/wp\/v2\/types\/post"}],"author":[{"embeddable":true,"href":"https:\/\/staging.ivg.it\/ediapi\/wp\/v2\/users\/13744"}],"replies":[{"embeddable":true,"href":"https:\/\/staging.ivg.it\/ediapi\/wp\/v2\/comments?post=74294"}],"version-history":[{"count":0,"href":"https:\/\/staging.ivg.it\/ediapi\/wp\/v2\/posts\/74294\/revisions"}],"wp:attachment":[{"href":"https:\/\/staging.ivg.it\/ediapi\/wp\/v2\/media?parent=74294"}],"wp:term":[{"taxonomy":"category","embeddable":true,"href":"https:\/\/staging.ivg.it\/ediapi\/wp\/v2\/categories?post=74294"},{"taxonomy":"post_tag","embeddable":true,"href":"https:\/\/staging.ivg.it\/ediapi\/wp\/v2\/tags?post=74294"}],"curies":[{"name":"wp","href":"https:\/\/api.w.org\/{rel}","templated":true}]}}