{"id":74185,"date":"2009-09-17T10:56:07","date_gmt":"2009-09-17T08:56:07","guid":{"rendered":"http:\/\/www.ivg.it\/2009\/09\/17\/varazze-festeggia-i-633-anni-della-sosta-di-santa-caterina\/"},"modified":"2009-09-17T10:56:07","modified_gmt":"2009-09-17T08:56:07","slug":"varazze-festeggia-i-633-anni-della-sosta-di-santa-caterina","status":"publish","type":"post","link":"https:\/\/staging.ivg.it\/2009\/09\/varazze-festeggia-i-633-anni-della-sosta-di-santa-caterina\/","title":{"rendered":"Varazze festeggia i 633 anni della sosta di Santa Caterina"},"content":{"rendered":"<p><strong>[thumb:9643:l]Varazze. <\/strong>Iniziative speciali per il l&#8217;anniversario numero 633 della sosta di Santa Caterina a Varazze, organizzate dalla parrocchia di Sant&#8217;Ambrogio, in collaborazione con il Comune ed il gruppo locale dell&#8217;associazione internazionale dei Caterinati.<\/p>\n<p>Domenica 4 ottobre, alle 9,30, \u00e8 prevista una celebrazione eucaristica nel santuario della Santissima Trinit\u00e0, edificato, secondo la tradizione, per volere della santa. Venerd\u00ec 9 ottobre, invece, alle 21 nel salone parrocchiale &#8220;monsignor Calandrone&#8221;, il professor Carlo Lupi, caterinato e docente emerito di Storia della filosofia presso l&#8217;Universit\u00e0 di Genova, proporr\u00e0 una riflessione sul tema:  &#8220;Fuoco d&#8217;amore, scintilla di verit\u00e0, legna di giustizia. &#8216;Caritas in Veritate&#8217;, enciclica sociale di Benedetto XVI&#8221;. Domenica 11 ottobre, infine, alle ore 10,30 \u00e8 in programma una visita guidata al santuario cateriniano della Trinit\u00e0 per conoscere &#8220;La vita di Caterina attraverso l&#8217;arte&#8221;.<\/p>\n","protected":false},"excerpt":{"rendered":"<p>[thumb:9643:l]Varazze. Iniziative speciali per il l&#8217;anniversario numero 633 della sosta di Santa Caterina a Varazze, organizzate dalla parrocchia di Sant&#8217;Ambrogio, in collaborazione con il Comune ed il gruppo locale dell&#8217;associazione internazionale dei Caterinati. Domenica 4 ottobre, alle 9,30, \u00e8 prevista una celebrazione eucaristica nel santuario della Santissima Trinit\u00e0, edificato, secondo la tradizione, per volere della [&hellip;]<\/p>\n","protected":false},"author":13744,"featured_media":0,"comment_status":"open","ping_status":"closed","sticky":false,"template":"","format":"standard","meta":{"footnotes":""},"categories":[],"tags":[1554,2671,8462,85868],"class_list":["post-74185","post","type-post","status-publish","format-standard","hentry","tag-chiesa","tag-iniziative","tag-santa-caterina","tag-varazze","post_cat_citta-varazze"],"amp_validity":null,"amp_enabled":true,"_links":{"self":[{"href":"https:\/\/staging.ivg.it\/ediapi\/wp\/v2\/posts\/74185","targetHints":{"allow":["GET"]}}],"collection":[{"href":"https:\/\/staging.ivg.it\/ediapi\/wp\/v2\/posts"}],"about":[{"href":"https:\/\/staging.ivg.it\/ediapi\/wp\/v2\/types\/post"}],"author":[{"embeddable":true,"href":"https:\/\/staging.ivg.it\/ediapi\/wp\/v2\/users\/13744"}],"replies":[{"embeddable":true,"href":"https:\/\/staging.ivg.it\/ediapi\/wp\/v2\/comments?post=74185"}],"version-history":[{"count":0,"href":"https:\/\/staging.ivg.it\/ediapi\/wp\/v2\/posts\/74185\/revisions"}],"wp:attachment":[{"href":"https:\/\/staging.ivg.it\/ediapi\/wp\/v2\/media?parent=74185"}],"wp:term":[{"taxonomy":"category","embeddable":true,"href":"https:\/\/staging.ivg.it\/ediapi\/wp\/v2\/categories?post=74185"},{"taxonomy":"post_tag","embeddable":true,"href":"https:\/\/staging.ivg.it\/ediapi\/wp\/v2\/tags?post=74185"}],"curies":[{"name":"wp","href":"https:\/\/api.w.org\/{rel}","templated":true}]}}