{"id":74092,"date":"2009-09-16T14:41:07","date_gmt":"2009-09-16T12:41:07","guid":{"rendered":"http:\/\/www.ivg.it\/2009\/09\/16\/loano-convegno-per-la-nascita-del-distretto-dellalto-tirreno\/"},"modified":"2009-09-16T18:31:49","modified_gmt":"2009-09-16T16:31:49","slug":"loano-convegno-per-la-nascita-del-distretto-dellalto-tirreno","status":"publish","type":"post","link":"https:\/\/staging.ivg.it\/2009\/09\/loano-convegno-per-la-nascita-del-distretto-dellalto-tirreno\/","title":{"rendered":"Loano, convegno per la nascita del distretto dell&#8217;Alto Tirreno"},"content":{"rendered":"<p><strong>[thumb:14293:l]Loano. <\/strong>Sar\u00e0 trattato in un convegno in programma mercoled\u00ec 23 settembre al &#8220;Loano2 Village&#8221; la nascita di un distretto dell&#8217;Alto Tirreno, attualmente al centro dell&#8217;agenda delle amministrazioni regionali di Liguria, Sardegna, Corsica, Toscana e Costa Azzurra. La nuova realt\u00e0 economico-territoriale potr\u00e0 prendere forma grazie all&#8217;innovazione e alla tecnologia che sempre di pi\u00f9 interessano il mondo della nautica da diporto e i porticcioli turistici. L&#8217;incontro, promosso nell&#8217;ambito dei programmi europei di cooperazione transfrontaliera, avr\u00e0 come titolo &#8220;Nautica, porticcioli, porte, portali. Per il turismo tra innovazione e tecnologia. Verso un distretto Alto Tirrenico&#8221;.<\/p>\n<p>Nel corso della giornata istituzioni, docenti universitari delle Universit\u00e0 di Pisa e della Bocconi, esperti della Corsica e della Costa Azzurra presenteranno le potenzialit\u00e0 del sistema nautico del Tirreno settentrionale. Interverranno, fra gli altri, i sindaco di Loano e presidente della Provincia di Savona Angelo Vaccarezza, il presidente del distretto nautico del Tigullio Cesare Sangermani, Lorenzo Forcieri, presidente distretto delle tecnologie del mare della Spezia, l&#8217;advisor dei progetti istituzionali di Ucina Roberto Neglia, il direttore dell&#8217;agenzia di promozione turistica &#8220;In Liguria&#8221; Angelo Berlangieri, il direttore di Arpal Bruno Soracco, il presidente del distretto nautico di Viareggio Antonio Marino,  l&#8217;assessore regionale all&#8217;Urbanistica Carlo Ruggeri.<\/p>\n","protected":false},"excerpt":{"rendered":"<p>[thumb:14293:l]Loano. Sar\u00e0 trattato in un convegno in programma mercoled\u00ec 23 settembre al &#8220;Loano2 Village&#8221; la nascita di un distretto dell&#8217;Alto Tirreno, attualmente al centro dell&#8217;agenda delle amministrazioni regionali di Liguria, Sardegna, Corsica, Toscana e Costa Azzurra. La nuova realt\u00e0 economico-territoriale potr\u00e0 prendere forma grazie all&#8217;innovazione e alla tecnologia che sempre di pi\u00f9 interessano il mondo [&hellip;]<\/p>\n","protected":false},"author":13744,"featured_media":0,"comment_status":"open","ping_status":"closed","sticky":false,"template":"","format":"standard","meta":{"footnotes":""},"categories":[35],"tags":[9016,2509,393,85827,295],"class_list":["post-74092","post","type-post","status-publish","format-standard","hentry","category-economia","tag-alto-tirreno","tag-iniziativa","tag-liguria","tag-loano","tag-regione","post_cat_citta-andora","post_cat_citta-loano"],"amp_validity":null,"amp_enabled":true,"_links":{"self":[{"href":"https:\/\/staging.ivg.it\/ediapi\/wp\/v2\/posts\/74092","targetHints":{"allow":["GET"]}}],"collection":[{"href":"https:\/\/staging.ivg.it\/ediapi\/wp\/v2\/posts"}],"about":[{"href":"https:\/\/staging.ivg.it\/ediapi\/wp\/v2\/types\/post"}],"author":[{"embeddable":true,"href":"https:\/\/staging.ivg.it\/ediapi\/wp\/v2\/users\/13744"}],"replies":[{"embeddable":true,"href":"https:\/\/staging.ivg.it\/ediapi\/wp\/v2\/comments?post=74092"}],"version-history":[{"count":0,"href":"https:\/\/staging.ivg.it\/ediapi\/wp\/v2\/posts\/74092\/revisions"}],"wp:attachment":[{"href":"https:\/\/staging.ivg.it\/ediapi\/wp\/v2\/media?parent=74092"}],"wp:term":[{"taxonomy":"category","embeddable":true,"href":"https:\/\/staging.ivg.it\/ediapi\/wp\/v2\/categories?post=74092"},{"taxonomy":"post_tag","embeddable":true,"href":"https:\/\/staging.ivg.it\/ediapi\/wp\/v2\/tags?post=74092"}],"curies":[{"name":"wp","href":"https:\/\/api.w.org\/{rel}","templated":true}]}}