{"id":74083,"date":"2009-09-16T13:45:26","date_gmt":"2009-09-16T11:45:26","guid":{"rendered":"http:\/\/www.ivg.it\/2009\/09\/16\/elezioni-regionali-primo-incontro-tra-burlando-e-rifondazione\/"},"modified":"2009-09-17T07:57:29","modified_gmt":"2009-09-17T05:57:29","slug":"elezioni-regionali-primo-incontro-tra-burlando-e-rifondazione","status":"publish","type":"post","link":"https:\/\/staging.ivg.it\/2009\/09\/elezioni-regionali-primo-incontro-tra-burlando-e-rifondazione\/","title":{"rendered":"Elezioni regionali, primo incontro tra Burlando e Rifondazione"},"content":{"rendered":"<p>[thumb:12660:l]<strong>Liguria. <\/strong>Cominciano le &#8220;grandi manovre&#8221; in vista delle alleanze per le elezioni regionali del prossimo anno. Stamane si \u00e8 tenuto un primo incontro tra i vertici liguri di Rifondazione comunista ed il governatore Claudio Burlando per avviare il confronto politico e programmatico in vista dell&#8217;appunatamento con le urne della prossima primavera.<\/p>\n<p>Nel corso dell&#8217;incontro il segretario regionale del Prc, Sergio Olivieri, ha sottolineato &#8220;la necessit\u00e0 che sia ulteriormente rafforzato l&#8217;impegno della Regione per le politiche occupazionali e sociali a tutela delle fasce pi\u00f9 deboli della popolazione la cui condizione \u00e8 aggravata dalla persistente crisi economica e dalle politiche del governo Berlusconi e di Confindustria&#8221;.<\/p>\n<p>Questa esigenza, &#8220;condivisa dallo stesso presidente della Regione &#8211; come scrive Olivieri in una nota &#8211; \u00e8 la vera priorit\u00e0. La centralit\u00e0 delle politiche sociali nel programma elettorale sar\u00e0 determinante per la scelta della nostra collocazione nelle prossime elezioni regionali&#8221;.<\/p>\n<p>Il presidente Burlando ha espresso soddisfazione per i risultati della riunione. &#8220;Ho molto apprezzato &#8211; ha dichiarato &#8211; i contenuti del confronto. Vogliamo costruire l&#8217;alleanza per la prossima legislatura regionale partendo dalle questioni sociali e programmatiche, dai grandi problemi che interessano i cittadini. C&#8217;\u00e8 stato un giudizio comune positivo sull&#8217;efficacia delle politiche sociali attuate in questi anni verso le fasce pi\u00f9 deboli&#8221;.<\/p>\n<p>&#8220;Queste scelte &#8211; ha poi concluso il capo dell&#8217;esecutivo ligure &#8211; vanno ancora accentuate e approfondite per i prossimi anni: dobbiamo fronteggiare gli effetti di una crisi economica molto grave, che non \u00e8 stata affrontata adeguatamente dal governo centrale&#8221;.<\/p>\n","protected":false},"excerpt":{"rendered":"<p>[thumb:12660:l]Liguria. Cominciano le &#8220;grandi manovre&#8221; in vista delle alleanze per le elezioni regionali del prossimo anno. Stamane si \u00e8 tenuto un primo incontro tra i vertici liguri di Rifondazione comunista ed il governatore Claudio Burlando per avviare il confronto politico e programmatico in vista dell&#8217;appunatamento con le urne della prossima primavera. Nel corso dell&#8217;incontro il [&hellip;]<\/p>\n","protected":false},"author":1385,"featured_media":0,"comment_status":"open","ping_status":"closed","sticky":false,"template":"","format":"standard","meta":{"footnotes":""},"categories":[31],"tags":[10658,393,1735,295,367],"class_list":["post-74083","post","type-post","status-publish","format-standard","hentry","category-politica","tag-elezioni-regionali","tag-liguria","tag-prc","tag-regione","tag-rifondazione-comunista","post_cat_citta-andora"],"amp_validity":null,"amp_enabled":true,"_links":{"self":[{"href":"https:\/\/staging.ivg.it\/ediapi\/wp\/v2\/posts\/74083","targetHints":{"allow":["GET"]}}],"collection":[{"href":"https:\/\/staging.ivg.it\/ediapi\/wp\/v2\/posts"}],"about":[{"href":"https:\/\/staging.ivg.it\/ediapi\/wp\/v2\/types\/post"}],"author":[{"embeddable":true,"href":"https:\/\/staging.ivg.it\/ediapi\/wp\/v2\/users\/1385"}],"replies":[{"embeddable":true,"href":"https:\/\/staging.ivg.it\/ediapi\/wp\/v2\/comments?post=74083"}],"version-history":[{"count":0,"href":"https:\/\/staging.ivg.it\/ediapi\/wp\/v2\/posts\/74083\/revisions"}],"wp:attachment":[{"href":"https:\/\/staging.ivg.it\/ediapi\/wp\/v2\/media?parent=74083"}],"wp:term":[{"taxonomy":"category","embeddable":true,"href":"https:\/\/staging.ivg.it\/ediapi\/wp\/v2\/categories?post=74083"},{"taxonomy":"post_tag","embeddable":true,"href":"https:\/\/staging.ivg.it\/ediapi\/wp\/v2\/tags?post=74083"}],"curies":[{"name":"wp","href":"https:\/\/api.w.org\/{rel}","templated":true}]}}