{"id":73773,"date":"2009-09-14T11:26:39","date_gmt":"2009-09-14T09:26:39","guid":{"rendered":"http:\/\/www.ivg.it\/?p=73773"},"modified":"2009-09-14T15:24:20","modified_gmt":"2009-09-14T13:24:20","slug":"borghetto-contestato-il-concorso-fotografico-scatto-in-val-varatella","status":"publish","type":"post","link":"https:\/\/staging.ivg.it\/2009\/09\/borghetto-contestato-il-concorso-fotografico-scatto-in-val-varatella\/","title":{"rendered":"Borghetto, contestato il concorso fotografico &#8220;Scatto in Val Varatella&#8221;"},"content":{"rendered":"<p><strong>[thumb:13945:l]Borghetto S. Spirito<\/strong>. La prima edizione del concorso fotografico &#8220;Scatto in Val Varatella&#8221; finisce in contestazione. Uno dei partecipanti alla gara, Marco M., impiegato di banca e dilettante fotografo, con all&#8217;attivo diverse foto premiate in vari concorsi a livello locale e nazionale, infatti, ha segnalato alcune &#8220;anomalie&#8221; nella competizione.<\/p>\n<p>Precisamente, secondo quanto riferisce il bancario, il vincitore del primo premio non avrebbe potuto partecipare al concorso in quanto fotografo professionista, qualifica che, da regolamento, impediva di partecipare alla gara che si rivolgeva solo ai dilettanti. Ma non \u00e8 tutto. Secondo l&#8217;impiegato fotografo amatoriale, la giuria del concorso, la cui premiazione si \u00e8 svolta il 29 agosto scorso, \u00e8 stato promosso e patrocinato dai Comuni di Borghetto, Boissano, Toirano e Balestrino, era al corrente del fatto che Zuffo non \u00e8 un fotografo dilettante.<\/p>\n<p>&#8220;Se non tutti e tre i giurati, almeno uno conosceva e conosce personalmente chi \u00e8 poi diventato il vincitore. I due hanno fatto parte delle stessa giuria tecnica al 14\u00b0 concorso fotografico &#8216;Premio S. Giorgio&#8217; di Albenga e quindi \u00e8 presumibile immaginare che il giurato sapesse chi era il forografo e soprattutto che non \u00e8 un dilettante&#8221; spiega il concorrente.<\/p>\n<p>La polemica sul concorso non inizia per\u00f2 solamente ora. Marco M., infatti, quando erano stati assegnati i premi, aveva gi\u00e0 espresso, scrivendo alla giuria e ai sindaci dei Comuni organizzatori, le sue perplessit\u00e0 sulla foto vincitrice che secondo lui non meritava il primo premio: &#8220;Non tralascio di sottolineare che questa segnalazione non viene dal fatto che io non abbia vinto, bens\u00ec dal fatto che c&#8217;erano altre foto molto pi\u00f9 tecniche e rappresentative che non sono state prese nemmeno in considerazione&#8221;.<\/p>\n<p>Alle critiche sulla scelta della foto vincitrice il giurato e fotografo Luciano Rosso ha replicato spiegando al concorrente i motivi della scelta e precisando: &#8220;In qualit\u00e0 di membro della giuria, mi spiace aver provocato in simili reazioni in quanto verso il concorso e le opere premiate ci sono stati molti pareri favorevoli. La giuria ha lavorato onestamente, sotto lo sguardo attento della responsabile del servizio bibliotecario del Comune di Borghetto&#8221;.<\/p>\n<p>La discussione per\u00f2, dal giudizio tecnico della giuria si \u00e8 spostata a questo punto su un piano diverso. Il concorrente dilettante che contesta le decisioni della giuria, comunque insindacabili e basate su proprie valutazioni, ha avanzato delle perplessit\u00e0 sulla regolarit\u00e0 stessa del concorso fotografico.<\/p>\n","protected":false},"excerpt":{"rendered":"<p>[thumb:13945:l]Borghetto S. Spirito. La prima edizione del concorso fotografico &#8220;Scatto in Val Varatella&#8221; finisce in contestazione. Uno dei partecipanti alla gara, Marco M., impiegato di banca e dilettante fotografo, con all&#8217;attivo diverse foto premiate in vari concorsi a livello locale e nazionale, infatti, ha segnalato alcune &#8220;anomalie&#8221; nella competizione. Precisamente, secondo quanto riferisce il bancario, [&hellip;]<\/p>\n","protected":false},"author":2394,"featured_media":0,"comment_status":"open","ping_status":"closed","sticky":false,"template":"","format":"standard","meta":{"footnotes":""},"categories":[],"tags":[161,862,5789,2763],"class_list":["post-73773","post","type-post","status-publish","format-standard","hentry","tag-borghetto","tag-concorso","tag-concorso-fotografico","tag-foto","post_cat_citta-borghetto-santo-spirito"],"amp_validity":null,"amp_enabled":true,"_links":{"self":[{"href":"https:\/\/staging.ivg.it\/ediapi\/wp\/v2\/posts\/73773","targetHints":{"allow":["GET"]}}],"collection":[{"href":"https:\/\/staging.ivg.it\/ediapi\/wp\/v2\/posts"}],"about":[{"href":"https:\/\/staging.ivg.it\/ediapi\/wp\/v2\/types\/post"}],"author":[{"embeddable":true,"href":"https:\/\/staging.ivg.it\/ediapi\/wp\/v2\/users\/2394"}],"replies":[{"embeddable":true,"href":"https:\/\/staging.ivg.it\/ediapi\/wp\/v2\/comments?post=73773"}],"version-history":[{"count":0,"href":"https:\/\/staging.ivg.it\/ediapi\/wp\/v2\/posts\/73773\/revisions"}],"wp:attachment":[{"href":"https:\/\/staging.ivg.it\/ediapi\/wp\/v2\/media?parent=73773"}],"wp:term":[{"taxonomy":"category","embeddable":true,"href":"https:\/\/staging.ivg.it\/ediapi\/wp\/v2\/categories?post=73773"},{"taxonomy":"post_tag","embeddable":true,"href":"https:\/\/staging.ivg.it\/ediapi\/wp\/v2\/tags?post=73773"}],"curies":[{"name":"wp","href":"https:\/\/api.w.org\/{rel}","templated":true}]}}