{"id":73558,"date":"2009-09-12T10:48:52","date_gmt":"2009-09-12T08:48:52","guid":{"rendered":"http:\/\/www.ivg.it\/2009\/09\/12\/savona-i-precari-della-scuola-scendono-in-piazza\/"},"modified":"2009-09-12T10:48:52","modified_gmt":"2009-09-12T08:48:52","slug":"savona-i-precari-della-scuola-scendono-in-piazza","status":"publish","type":"post","link":"https:\/\/staging.ivg.it\/2009\/09\/savona-i-precari-della-scuola-scendono-in-piazza\/","title":{"rendered":"Savona, i precari della scuola scendono in piazza"},"content":{"rendered":"<p><strong>[thumb:7089:l]Savona<\/strong>. Luned\u00ec pomeriggio in piazza Sisto IV il precariato della scuola si metter\u00e0 in mostra, manifestando dalle 17 alle 19. &#8220;Negli scorsi giorni &#8211; dichiarano gli esponenti savonesi di Flc Cgil, Cisl Scuola e Uil Scuola &#8211; il ministro Maria Stella Gelmini ha enfatizzato le novit\u00e0 che la bozza di decreto introduce sui requisiti e le modalit\u00e0 di accesso all&#8217;insegnamento, dimenticandosi per\u00f2 di spiegare che fine faranno quelle 300.000 persone inserite nelle graduatorie permanenti che sono gi\u00e0 in possesso di un&#8217;abilitazione&#8221;.<\/p>\n<p>&#8220;Durante l&#8217;anno appena trascorso &#8211; proseguono i sindacati &#8211; sono stati 130.000 i docenti in servizio nelle nostre scuole con un contratto a tempo determinato, centinaia di altri hanno prestato servizio per sostituzioni brevi. Una folla di precari per sole 8.000 immissioni in ruolo e ben 26.000 posti in meno a settembre 2009 sempre tra le file dei precari (tra docenti, ausiliari, tecnici e amministrativi). Una decimazione. E non \u00e8 che il primo capitolo di una stagione di tagli che si concluder\u00e0 a settembre 2011, quando i posti in meno saranno 87.000. Questo in Italia. In Liguria sono circa 700 i precari che quest&#8217;anno rimarranno senza un contratto di lavoro, un centinaio in provincia di Savona&#8221;.<\/p>\n<p>&#8220;Il problema non \u00e8 solo di chi perde il posto &#8211; spiegano Flc Cgil, Cisl Scuola e Uil Scuola &#8211; ma anche di chi lo mantiene e lavora in condizioni sempre pi\u00f9 pesanti, dovendo svolgere mansioni che prima erano ripartite tra pi\u00f9 colleghi. Il problema \u00e8 dei docenti che si trovano di fronte classi sempre pi\u00f9 numerose e difficili da gestire. Il problema \u00e8 delle famiglie, degli alunni e degli studenti cui diventa sempre pi\u00f9 proibitivo garantire un&#8217;istruzione, una formazione e un servizio pubblici di qualit\u00e0&#8221;.<\/p>\n<p>&#8220;\u00c8 per difendere il diritto al lavoro e all&#8217;istruzione, per rivendicare la dignit\u00e0 del lavoro nella scuola pubblica che la trib\u00f9 dimenticata dei precari scender\u00e0 in piazza il primo giorno di scuola: luned\u00ec 14 settembre dalle 17 alle 19 in piazza Sisto IV. Alcuni precari savonesi metteranno in scena se stessi, le peripezie di una vita lavorativa vissuta di rinnovo in rinnovo, sparpagliata tra sedi lontane e orari improbabili, una carriera all&#8217;insegna &#8216;del doman non v&#8217;\u00e8 certezza&#8217;, come discutibile traguardo di anni e anni di studi universitari, corsi e tirocini&#8221;.<\/p>\n<p>Visite guidate al mondo del precariato saranno organizzate a partire dalle 15,30 nell&#8217;ambito della mostra &#8220;La corrente gelminista o dello Stato assente: il licenziamento dei precari in piena crisi economica&#8221;. &#8220;In un momento di difficile congiuntura economica &#8211; concludono i sindacati &#8211; \u00e8 assurdo che il primo a licenziare sia proprio lo Stato. Per questo servono risposte chiare e immediate: abrogazione delle disposizioni che prevedono i tagli all&#8217;organico, immissioni in ruolo su tutti i posti liberi e estensione degli ammortizzatori sociali&#8221;.<\/p>\n<p>[image:14212:c]<\/p>\n","protected":false},"excerpt":{"rendered":"<p>[thumb:7089:l]Savona. Luned\u00ec pomeriggio in piazza Sisto IV il precariato della scuola si metter\u00e0 in mostra, manifestando dalle 17 alle 19. &#8220;Negli scorsi giorni &#8211; dichiarano gli esponenti savonesi di Flc Cgil, Cisl Scuola e Uil Scuola &#8211; il ministro Maria Stella Gelmini ha enfatizzato le novit\u00e0 che la bozza di decreto introduce sui requisiti e [&hellip;]<\/p>\n","protected":false},"author":13744,"featured_media":0,"comment_status":"open","ping_status":"closed","sticky":false,"template":"","format":"standard","meta":{"footnotes":""},"categories":[35],"tags":[12345,595,6882,736,509,669,8393,1136,85850,199,410,7132],"class_list":["post-73558","post","type-post","status-publish","format-standard","hentry","category-economia","tag-cisl-scuola","tag-crisi","tag-flc-cgil","tag-gelmini","tag-lavoro","tag-manifestazione","tag-piazza-sisto-iv","tag-precari","tag-savona","tag-scuola","tag-sindacati","tag-uil-scuola","post_cat_citta-savona"],"amp_validity":null,"amp_enabled":true,"_links":{"self":[{"href":"https:\/\/staging.ivg.it\/ediapi\/wp\/v2\/posts\/73558","targetHints":{"allow":["GET"]}}],"collection":[{"href":"https:\/\/staging.ivg.it\/ediapi\/wp\/v2\/posts"}],"about":[{"href":"https:\/\/staging.ivg.it\/ediapi\/wp\/v2\/types\/post"}],"author":[{"embeddable":true,"href":"https:\/\/staging.ivg.it\/ediapi\/wp\/v2\/users\/13744"}],"replies":[{"embeddable":true,"href":"https:\/\/staging.ivg.it\/ediapi\/wp\/v2\/comments?post=73558"}],"version-history":[{"count":0,"href":"https:\/\/staging.ivg.it\/ediapi\/wp\/v2\/posts\/73558\/revisions"}],"wp:attachment":[{"href":"https:\/\/staging.ivg.it\/ediapi\/wp\/v2\/media?parent=73558"}],"wp:term":[{"taxonomy":"category","embeddable":true,"href":"https:\/\/staging.ivg.it\/ediapi\/wp\/v2\/categories?post=73558"},{"taxonomy":"post_tag","embeddable":true,"href":"https:\/\/staging.ivg.it\/ediapi\/wp\/v2\/tags?post=73558"}],"curies":[{"name":"wp","href":"https:\/\/api.w.org\/{rel}","templated":true}]}}