{"id":73282,"date":"2009-09-10T18:24:15","date_gmt":"2009-09-10T16:24:15","guid":{"rendered":"http:\/\/www.ivg.it\/2009\/09\/10\/cairo-montenotte-sabato-sara-inaugurato-il-primo-distributore-di-latte\/"},"modified":"2009-09-11T07:44:00","modified_gmt":"2009-09-11T05:44:00","slug":"cairo-montenotte-sabato-sara-inaugurato-il-primo-distributore-di-latte","status":"publish","type":"post","link":"https:\/\/staging.ivg.it\/2009\/09\/cairo-montenotte-sabato-sara-inaugurato-il-primo-distributore-di-latte\/","title":{"rendered":"A Cairo il primo distributore di latte crudo"},"content":{"rendered":"<p><strong>[thumb:14191:l]Cairo M. <\/strong>Sabato 12 settembre, in piazza XX settembre, a Cairo Montenotte, alle ore 11,30, nell&#8217;ambito de &#8220;I mercati della Terra&#8221; sar\u00e0 inaugurato il primo distributore di latte crudo. L&#8217;iniziativa \u00e8 stata realizzata grazie all&#8217;azione congiunta della Alcide Accusani, un&#8217;azienda agricola a conduzione familiare che adotta il sistema dell&#8217;agricoltura biologica, e la Saint-Gobain Vetri, produttore di contenitori alimentari in vetro, con il patrocinio organizzativo del Comune cairese.<\/p>\n<p>Il latte, quindi, protagonista di un nuovo, e ancora sperimentale, rapporto diretto tra produttore e consumatore. E proprio bere il latte crudo, abitudine considerata antica, sembra invece essere tornato di moda sia in Italia che all&#8217;estero.[image:14191:r]<\/p>\n<p>Il distributore permetter\u00e0 di avere una bottiglia ad hoc per mantenere il latte e le sue caretteristiche naturali, con una silhouette dal sapore vintage, che ricorda quella &#8220;di una volta&#8221;. Pratica per raccogliere il latte dal distributore ed altrettanto facile da lavare a casa. Nella bottiglia sar\u00e0 presente la scritta: &#8220;in vetro il latte \u00e8 pi\u00f9 buono&#8221;. L&#8217;inaugurazione del distributore \u00e8 stata voluta in concomitanza della 3\u00b0 Mostra Mercato delle Energie Einnovabili e dell&#8217;Efficienza Energetica e del Mercato della Terra di Slow Food.<\/p>\n","protected":false},"excerpt":{"rendered":"<p>[thumb:14191:l]Cairo M. Sabato 12 settembre, in piazza XX settembre, a Cairo Montenotte, alle ore 11,30, nell&#8217;ambito de &#8220;I mercati della Terra&#8221; sar\u00e0 inaugurato il primo distributore di latte crudo. L&#8217;iniziativa \u00e8 stata realizzata grazie all&#8217;azione congiunta della Alcide Accusani, un&#8217;azienda agricola a conduzione familiare che adotta il sistema dell&#8217;agricoltura biologica, e la Saint-Gobain Vetri, produttore [&hellip;]<\/p>\n","protected":false},"author":4,"featured_media":0,"comment_status":"open","ping_status":"closed","sticky":false,"template":"","format":"standard","meta":{"footnotes":""},"categories":[],"tags":[85987,9889,1357],"class_list":["post-73282","post","type-post","status-publish","format-standard","hentry","tag-cairo-montenotte","tag-distributore","tag-latte","post_cat_citta-cairo-montenotte"],"amp_validity":null,"amp_enabled":true,"_links":{"self":[{"href":"https:\/\/staging.ivg.it\/ediapi\/wp\/v2\/posts\/73282","targetHints":{"allow":["GET"]}}],"collection":[{"href":"https:\/\/staging.ivg.it\/ediapi\/wp\/v2\/posts"}],"about":[{"href":"https:\/\/staging.ivg.it\/ediapi\/wp\/v2\/types\/post"}],"author":[{"embeddable":true,"href":"https:\/\/staging.ivg.it\/ediapi\/wp\/v2\/users\/4"}],"replies":[{"embeddable":true,"href":"https:\/\/staging.ivg.it\/ediapi\/wp\/v2\/comments?post=73282"}],"version-history":[{"count":0,"href":"https:\/\/staging.ivg.it\/ediapi\/wp\/v2\/posts\/73282\/revisions"}],"wp:attachment":[{"href":"https:\/\/staging.ivg.it\/ediapi\/wp\/v2\/media?parent=73282"}],"wp:term":[{"taxonomy":"category","embeddable":true,"href":"https:\/\/staging.ivg.it\/ediapi\/wp\/v2\/categories?post=73282"},{"taxonomy":"post_tag","embeddable":true,"href":"https:\/\/staging.ivg.it\/ediapi\/wp\/v2\/tags?post=73282"}],"curies":[{"name":"wp","href":"https:\/\/api.w.org\/{rel}","templated":true}]}}