{"id":73266,"date":"2009-09-10T12:14:13","date_gmt":"2009-09-10T10:14:13","guid":{"rendered":"http:\/\/www.ivg.it\/2009\/09\/10\/fotovoltaico-e-porta-a-porta-la-svolta-verde-del-comune-di-celle\/"},"modified":"2009-09-11T00:40:27","modified_gmt":"2009-09-10T22:40:27","slug":"fotovoltaico-e-porta-a-porta-la-svolta-verde-del-comune-di-celle","status":"publish","type":"post","link":"https:\/\/staging.ivg.it\/2009\/09\/fotovoltaico-e-porta-a-porta-la-svolta-verde-del-comune-di-celle\/","title":{"rendered":"Fotovoltaico e &#8220;porta a porta&#8221;: la svolta verde del Comune di Celle"},"content":{"rendered":"<p><strong>[thumb:11353:l]Celle Ligure<\/strong>. Il Comune di Celle Ligure svolta con decisione verso l&#8217;energia rinnovabile e la raccolta differenziata. L&#8217;amministrazione ha infatti presentato due progetti, il primo riguarda la produzione di energia elettrica con impianti fotovoltaici, mentre il secondo prevede l&#8217;attivazione del servizio di raccolta differenziata della rumenta &#8220;porta a porta&#8221;.<\/p>\n<p>Il progetto sul fotovoltaico prevede la costruzione di tre punti di produzione di energia elettrica in citt\u00e0 che permetterebbero al comune di Celle di ottenere una produzione di 5 mega watt di energia. Con tale quantitativo il comune sarebbe in grado di soddisfare met\u00e0 del fabbisogno elettrico pubblico di Celle.<\/p>\n<p>La costruzione dei tre impianti fotovoltaici, avr\u00e0 un costo complessivo di 2 milioni di euro, e sar\u00e0 gestita direttamente dal comune che per reperire le risorse accender\u00e0 un leasing. Il progetto definitivo dovrebbe essere pronto entro fine anno. Il sindaco di Celle, Renato Zunino, ha spiegato che occorreranno tra i 5 e i 6 mesi per la realizzazione degli impianti e che si conta che siano operativi entro la fine del 2010. Il progetto beneficier\u00e0 degli incentivi del Governo e del Conto Energia che permetteranno, quando saranno a regime, al comune di Celle di risparmiare 100 mila euro all&#8217;anno.<\/p>\n<p>Sul fronte della raccolta differenziata invece l&#8217;amministrazione comunale intende far partire il progetto di raccolta porta a porta di carta, plastica e vetro. I cittadini del centro storico lo fanno gi\u00e0 e l&#8217;iniziativa sar\u00e0 estesa, per una fase di prova, nella frazione di Sanda, dopodich\u00e9 il sindaco intende estenderlo a tutta la citt\u00e0.<\/p>\n<p>&#8220;Il porta a porta \u00e8 l&#8217;unico strumento in grado di aumentare il livello della differenziata &#8211; ha spiegato il primo cittadino di Celle &#8211; I cittadini del centro storico lo fanno gi\u00e0 con plastica, carta e vetro, si tratta solo di abituarsi. Non sono preoccupato che i cittadini vadano a depositare la spazzatura nei comuni limitrofi. Il nostro obiettivo \u00e8 quello di far sparire dalla strada i cassonetti&#8221;.<\/p>\n<p>Il sindaco Zunino ha concluso dicendo che il progetto dovrebbe prendere il via o prima dell&#8221;estate 2010 o immediatamente dopo.<\/p>\n","protected":false},"excerpt":{"rendered":"<p>[thumb:11353:l]Celle Ligure. Il Comune di Celle Ligure svolta con decisione verso l&#8217;energia rinnovabile e la raccolta differenziata. L&#8217;amministrazione ha infatti presentato due progetti, il primo riguarda la produzione di energia elettrica con impianti fotovoltaici, mentre il secondo prevede l&#8217;attivazione del servizio di raccolta differenziata della rumenta &#8220;porta a porta&#8221;. Il progetto sul fotovoltaico prevede la [&hellip;]<\/p>\n","protected":false},"author":13744,"featured_media":0,"comment_status":"open","ping_status":"closed","sticky":false,"template":"","format":"standard","meta":{"footnotes":""},"categories":[],"tags":[106,86004,892,2916],"class_list":["post-73266","post","type-post","status-publish","format-standard","hentry","tag-ambiente","tag-celle-ligure","tag-fotovoltaico","tag-renato-zunino","post_cat_citta-celle-ligure"],"amp_validity":null,"amp_enabled":true,"_links":{"self":[{"href":"https:\/\/staging.ivg.it\/ediapi\/wp\/v2\/posts\/73266","targetHints":{"allow":["GET"]}}],"collection":[{"href":"https:\/\/staging.ivg.it\/ediapi\/wp\/v2\/posts"}],"about":[{"href":"https:\/\/staging.ivg.it\/ediapi\/wp\/v2\/types\/post"}],"author":[{"embeddable":true,"href":"https:\/\/staging.ivg.it\/ediapi\/wp\/v2\/users\/13744"}],"replies":[{"embeddable":true,"href":"https:\/\/staging.ivg.it\/ediapi\/wp\/v2\/comments?post=73266"}],"version-history":[{"count":0,"href":"https:\/\/staging.ivg.it\/ediapi\/wp\/v2\/posts\/73266\/revisions"}],"wp:attachment":[{"href":"https:\/\/staging.ivg.it\/ediapi\/wp\/v2\/media?parent=73266"}],"wp:term":[{"taxonomy":"category","embeddable":true,"href":"https:\/\/staging.ivg.it\/ediapi\/wp\/v2\/categories?post=73266"},{"taxonomy":"post_tag","embeddable":true,"href":"https:\/\/staging.ivg.it\/ediapi\/wp\/v2\/tags?post=73266"}],"curies":[{"name":"wp","href":"https:\/\/api.w.org\/{rel}","templated":true}]}}