{"id":73263,"date":"2009-09-10T12:02:50","date_gmt":"2009-09-10T10:02:50","guid":{"rendered":"http:\/\/www.ivg.it\/2009\/09\/10\/vado-ligure-ocv-si-intravedono-gli-spiragli-della-ripresa\/"},"modified":"2009-09-10T16:15:42","modified_gmt":"2009-09-10T14:15:42","slug":"vado-ligure-ocv-si-intravedono-gli-spiragli-della-ripresa","status":"publish","type":"post","link":"https:\/\/staging.ivg.it\/2009\/09\/vado-ligure-ocv-si-intravedono-gli-spiragli-della-ripresa\/","title":{"rendered":"Vado Ligure, OCV: &#8220;Spiragli di ripresa, forno riacceso a novembre&#8221;"},"content":{"rendered":"<p><strong>[thumb:9671:l]Vado Ligure<\/strong>. Buone prospettive per il rilancio occupazionale della OCV di Vado Ligure. Il forno dovrebbe essere riattivato a novembre. &#8220;Ci sono segnali di ripresa che accogliamo positivamente: la crisi non \u00e8 ancora superata, ma la propriet\u00e0 ha annunciato interventi trimestrali tesi a realizzare il riavvio graduale della fabbrica&#8221; afferma Pino Congiu, segretario provinciale dei chimici Uil.<\/p>\n<p>&#8220;Sar\u00e0 un reinserimento graduale sul mercato &#8211; aggiunge Congiu, stamane all&#8217;Unione Industriali di Savona per l&#8217;incontro da tempo previsto &#8211; Stiamo discutendo dei profili occupazionali. Non \u00e8 ancora stata definita, per\u00f2, quale sar\u00e0 la capacit\u00e0 di produzione. L&#8217;impianto \u00e8 rimasto s\u00ec fermo per un anno, ma \u00e8 comunque dotato di una buona tecnologia. Quindi si intravedono spiragli di sviluppo. Le rassicurazioni sul rilancio in ogni caso sono buone notizie&#8221;.<\/p>\n<p>Un nuovo incontro tra azienda e organizzazioni sindacali si svolger\u00e0 venerd\u00ec 2 ottobre. E si prevede risolutivo. Si determineranno con precisione i tempi per il riavvio della produzione, che comunque avverr\u00e0 a novembre o al massimo ad inizio dicembre.<\/p>\n<p>L&#8217;azienda, ex Vetrotex Saint Gobain, specializzata nella fusione e nella produzione del &#8220;filo&#8221; di vetro, \u00e8 della multinazionale americana Owens Corning. Oltre alle difficolt\u00e0 dovute alla congiuntura economica generale, l&#8217;OCV ha cominciato a navigare a vista anche a causa delle salatissime bollette energetiche. Del resto, un&#8217;attivit\u00e0 &#8220;energivora&#8221; come la produzione di filato di vetro, non potrebbe sussistere altrimenti (del resto c&#8217;\u00e8 in ballo un accordo con Tirreno Power). Cos\u00ec, di fronte ai costi, ma anche ai maggiori investimenti richiesti dai macchinari, l&#8217;azienda ha proceduto a mettere in cassa integrazione 140 lavoratori su un totale di 165.<\/p>\n","protected":false},"excerpt":{"rendered":"<p>[thumb:9671:l]Vado Ligure. Buone prospettive per il rilancio occupazionale della OCV di Vado Ligure. Il forno dovrebbe essere riattivato a novembre. &#8220;Ci sono segnali di ripresa che accogliamo positivamente: la crisi non \u00e8 ancora superata, ma la propriet\u00e0 ha annunciato interventi trimestrali tesi a realizzare il riavvio graduale della fabbrica&#8221; afferma Pino Congiu, segretario provinciale dei [&hellip;]<\/p>\n","protected":false},"author":2394,"featured_media":0,"comment_status":"open","ping_status":"closed","sticky":false,"template":"","format":"standard","meta":{"footnotes":""},"categories":[35],"tags":[1526,3835,1032,1523,653,3931,85979,1524],"class_list":["post-73263","post","type-post","status-publish","format-standard","hentry","category-economia","tag-cassa-integrazione","tag-congiu","tag-dipendenti","tag-ocv","tag-previsioni","tag-tirreno-power","tag-vado-ligure","tag-vetrotex","post_cat_citta-vado-ligure"],"amp_validity":null,"amp_enabled":true,"_links":{"self":[{"href":"https:\/\/staging.ivg.it\/ediapi\/wp\/v2\/posts\/73263","targetHints":{"allow":["GET"]}}],"collection":[{"href":"https:\/\/staging.ivg.it\/ediapi\/wp\/v2\/posts"}],"about":[{"href":"https:\/\/staging.ivg.it\/ediapi\/wp\/v2\/types\/post"}],"author":[{"embeddable":true,"href":"https:\/\/staging.ivg.it\/ediapi\/wp\/v2\/users\/2394"}],"replies":[{"embeddable":true,"href":"https:\/\/staging.ivg.it\/ediapi\/wp\/v2\/comments?post=73263"}],"version-history":[{"count":0,"href":"https:\/\/staging.ivg.it\/ediapi\/wp\/v2\/posts\/73263\/revisions"}],"wp:attachment":[{"href":"https:\/\/staging.ivg.it\/ediapi\/wp\/v2\/media?parent=73263"}],"wp:term":[{"taxonomy":"category","embeddable":true,"href":"https:\/\/staging.ivg.it\/ediapi\/wp\/v2\/categories?post=73263"},{"taxonomy":"post_tag","embeddable":true,"href":"https:\/\/staging.ivg.it\/ediapi\/wp\/v2\/tags?post=73263"}],"curies":[{"name":"wp","href":"https:\/\/api.w.org\/{rel}","templated":true}]}}