{"id":72880,"date":"2009-09-07T15:54:17","date_gmt":"2009-09-07T13:54:17","guid":{"rendered":"http:\/\/www.ivg.it\/2009\/09\/07\/villanova-dalbenga-ad-ottobre-in-servizio-lelisoccorso\/"},"modified":"2009-09-08T11:51:55","modified_gmt":"2009-09-08T09:51:55","slug":"villanova-dalbenga-ad-ottobre-in-servizio-lelisoccorso","status":"publish","type":"post","link":"https:\/\/staging.ivg.it\/2009\/09\/villanova-dalbenga-ad-ottobre-in-servizio-lelisoccorso\/","title":{"rendered":"Villanova d&#8217;Albenga, ad ottobre in servizio l&#8217;elisoccorso"},"content":{"rendered":"<p><strong>[thumb:13178:l]Villanova d&#8217;Albenga.<\/strong> Entrer\u00e0 in servizio ad ottobre il nuovo elicottero per potenziare i servizi di emergenza e soccorso in Liguria. E&#8217; un AgustaWestland Grand, costo di sei milioni e 500 mila euro, acquistato e messo a disposizione dei Vigili del Fuoco dalla Fondazione Carige. Il velivolo consentir\u00e0 alla Regione Liguria di potenziare i presidi regionali di elisoccorso sanitario, grazie a una nuova equipe sanitaria composta da un medico e un infermiere specializzati nel soccorso urgente, attraverso il servizio di emergenza del 118.<\/p>\n<p>&#8220;Proprio in queste settimane gli equipaggi stanno ultimando i corsi di preparazione per operare sulla nuova macchina attrezzata per le emergenze sanitarie e non per interventi antincendio&#8221;, spiega Claudio Montando, assessore alla salute della Regione Liguria.<\/p>\n<p>La base operativa preferenziale del nuovo elicottero sar\u00e0 all&#8217;aeroporto Panero di Villanova di Albenga in modo da assicurare una maggiore copertura e tempestivit\u00e0 agli interventi nel ponente ligure, quella per le manutenzioni sar\u00e0 invece al nucleo elicotteri dei Vigili del Fuoco dell&#8217;Aeroporto Cristoforo Colombo di Genova.<\/p>\n<p>Il potenziamento del servizio di elisoccorso fu deciso un anno fa con una convenzione firmata nella sede della Prefettura di Genova, tra la Regione Liguria (Dipartimento salute e servizi sociali) e il Ministero dell&#8217;Interno (Dipartimento dei Vigili del Fuoco), dal presidente Claudio Burlando e il prefetto di Genova Anna Maria Cancellieri, e alla presenza del presidente di Fondazione Carige Flavio Repetto, del comandante dei Vigili del Fuoco Davide Meta e dell&#8217;assessore Claudio Montaldo.<\/p>\n","protected":false},"excerpt":{"rendered":"<p>[thumb:13178:l]Villanova d&#8217;Albenga. Entrer\u00e0 in servizio ad ottobre il nuovo elicottero per potenziare i servizi di emergenza e soccorso in Liguria. E&#8217; un AgustaWestland Grand, costo di sei milioni e 500 mila euro, acquistato e messo a disposizione dei Vigili del Fuoco dalla Fondazione Carige. Il velivolo consentir\u00e0 alla Regione Liguria di potenziare i presidi regionali [&hellip;]<\/p>\n","protected":false},"author":13744,"featured_media":0,"comment_status":"open","ping_status":"closed","sticky":false,"template":"","format":"standard","meta":{"footnotes":""},"categories":[],"tags":[374],"class_list":["post-72880","post","type-post","status-publish","format-standard","hentry","tag-elisoccorso","post_cat_citta-andora","post_cat_citta-savona"],"amp_validity":null,"amp_enabled":true,"_links":{"self":[{"href":"https:\/\/staging.ivg.it\/ediapi\/wp\/v2\/posts\/72880","targetHints":{"allow":["GET"]}}],"collection":[{"href":"https:\/\/staging.ivg.it\/ediapi\/wp\/v2\/posts"}],"about":[{"href":"https:\/\/staging.ivg.it\/ediapi\/wp\/v2\/types\/post"}],"author":[{"embeddable":true,"href":"https:\/\/staging.ivg.it\/ediapi\/wp\/v2\/users\/13744"}],"replies":[{"embeddable":true,"href":"https:\/\/staging.ivg.it\/ediapi\/wp\/v2\/comments?post=72880"}],"version-history":[{"count":0,"href":"https:\/\/staging.ivg.it\/ediapi\/wp\/v2\/posts\/72880\/revisions"}],"wp:attachment":[{"href":"https:\/\/staging.ivg.it\/ediapi\/wp\/v2\/media?parent=72880"}],"wp:term":[{"taxonomy":"category","embeddable":true,"href":"https:\/\/staging.ivg.it\/ediapi\/wp\/v2\/categories?post=72880"},{"taxonomy":"post_tag","embeddable":true,"href":"https:\/\/staging.ivg.it\/ediapi\/wp\/v2\/tags?post=72880"}],"curies":[{"name":"wp","href":"https:\/\/api.w.org\/{rel}","templated":true}]}}