{"id":72854,"date":"2009-09-07T13:27:01","date_gmt":"2009-09-07T11:27:01","guid":{"rendered":"http:\/\/www.ivg.it\/2009\/09\/07\/vado-piano-fs-bombardier-verso-lo-sblocco-delle-commesse\/"},"modified":"2009-09-08T10:52:58","modified_gmt":"2009-09-08T08:52:58","slug":"vado-piano-fs-bombardier-verso-lo-sblocco-delle-commesse","status":"publish","type":"post","link":"https:\/\/staging.ivg.it\/2009\/09\/vado-piano-fs-bombardier-verso-lo-sblocco-delle-commesse\/","title":{"rendered":"Vado, piano Fs: Bombardier verso lo sblocco della commessa"},"content":{"rendered":"<p><strong>[thumb:2652:l]Vado Ligure<\/strong>. Il nuovo piano di investimenti di Trenitalia sembra far tirare un sospiro di sollievo anche all&#8217;azienda Bombardier di Vado Ligure. E&#8217; stato lo stesso assessore regionale Enrico Vesco ad annunciarlo: &#8220;La soddisfazione \u00e8 ancora maggiore perch\u00e9 Trenitalia ha annunciato ricadute positive per la Bombardier di Vado Ligure, cui verr\u00e0 affidata la commessa per cento locomotori 464 e l&#8217;opzione su altri 50&#8221;.<\/p>\n<p>Raggiunto dalla notizia da IVG.IT Giovanni Mazziotta, rappresentante della Uil, non si \u00e8 voluto sbilanciare, ma \u00e8 apparso ottimista: &#8220;Bisogner\u00e0 sentire l&#8217;azienda in merito e attendere l&#8217;ufficializzazione della commessa. Fino a che non ci sar\u00e0 un incontro ufficiale tra azienda e Trenitalia la situazione non si potr\u00e0 dire sbloccata, ma se le cose andranno in questa direzione la commessa tanto attesa, seppur in ritardo, dovrebbe arrivare&#8221;.<\/p>\n","protected":false},"excerpt":{"rendered":"<p>[thumb:2652:l]Vado Ligure. Il nuovo piano di investimenti di Trenitalia sembra far tirare un sospiro di sollievo anche all&#8217;azienda Bombardier di Vado Ligure. E&#8217; stato lo stesso assessore regionale Enrico Vesco ad annunciarlo: &#8220;La soddisfazione \u00e8 ancora maggiore perch\u00e9 Trenitalia ha annunciato ricadute positive per la Bombardier di Vado Ligure, cui verr\u00e0 affidata la commessa per [&hellip;]<\/p>\n","protected":false},"author":2394,"featured_media":0,"comment_status":"open","ping_status":"closed","sticky":false,"template":"","format":"standard","meta":{"footnotes":""},"categories":[35],"tags":[12200,85979],"class_list":["post-72854","post","type-post","status-publish","format-standard","hentry","category-economia","tag-commesse","tag-vado-ligure","post_cat_citta-vado-ligure"],"amp_validity":null,"amp_enabled":true,"_links":{"self":[{"href":"https:\/\/staging.ivg.it\/ediapi\/wp\/v2\/posts\/72854","targetHints":{"allow":["GET"]}}],"collection":[{"href":"https:\/\/staging.ivg.it\/ediapi\/wp\/v2\/posts"}],"about":[{"href":"https:\/\/staging.ivg.it\/ediapi\/wp\/v2\/types\/post"}],"author":[{"embeddable":true,"href":"https:\/\/staging.ivg.it\/ediapi\/wp\/v2\/users\/2394"}],"replies":[{"embeddable":true,"href":"https:\/\/staging.ivg.it\/ediapi\/wp\/v2\/comments?post=72854"}],"version-history":[{"count":0,"href":"https:\/\/staging.ivg.it\/ediapi\/wp\/v2\/posts\/72854\/revisions"}],"wp:attachment":[{"href":"https:\/\/staging.ivg.it\/ediapi\/wp\/v2\/media?parent=72854"}],"wp:term":[{"taxonomy":"category","embeddable":true,"href":"https:\/\/staging.ivg.it\/ediapi\/wp\/v2\/categories?post=72854"},{"taxonomy":"post_tag","embeddable":true,"href":"https:\/\/staging.ivg.it\/ediapi\/wp\/v2\/tags?post=72854"}],"curies":[{"name":"wp","href":"https:\/\/api.w.org\/{rel}","templated":true}]}}