{"id":72724,"date":"2009-09-05T16:30:01","date_gmt":"2009-09-05T14:30:01","guid":{"rendered":"http:\/\/www.ivg.it\/2009\/09\/05\/quiliano-raduno-delle-nonne-a-motore-per-tione-degli-abruzzi\/"},"modified":"2009-09-06T17:18:55","modified_gmt":"2009-09-06T15:18:55","slug":"quiliano-raduno-delle-nonne-a-motore-per-tione-degli-abruzzi","status":"publish","type":"post","link":"https:\/\/staging.ivg.it\/2009\/09\/quiliano-raduno-delle-nonne-a-motore-per-tione-degli-abruzzi\/","title":{"rendered":"Quiliano, raduno delle &#8220;nonne&#8221; a motore per Tione degli Abruzzi"},"content":{"rendered":"<p><strong>[thumb:14117:l]Quiliano. <\/strong>Si terr\u00e0 domenica a Quiliano l&#8217;edizione numero 23 del &#8220;Ritrovo delle nonne a 2 e 4 ruote&#8221; organizzato dal Vintage Motor Club di Savona e dei volontari della Protezione civile quilianese. La manifestazione, tra le pi\u00f9 conosciute ed apprezzate in provincia (e non solo) quest&#8217;anno si amplier\u00e0 con il primo raduno delle auto sportive. L&#8217;intero incasso dell&#8217;evento sar\u00e0 devoluto a favore della popolazione di Tione degli Abruzzi, localit\u00e0 colpita dagli eventi sismici dello scorso aprile e dove i volontari hanno operato e continuano ad operare. Appuntamento alle 8,30 in localit\u00e0 Massap\u00e8, da cui partir\u00e0 un corteo diretto a Valleggia, dove sar\u00e0 offerto un aperitivo a tutti i partecipanti.<\/p>\n","protected":false},"excerpt":{"rendered":"<p>[thumb:14117:l]Quiliano. Si terr\u00e0 domenica a Quiliano l&#8217;edizione numero 23 del &#8220;Ritrovo delle nonne a 2 e 4 ruote&#8221; organizzato dal Vintage Motor Club di Savona e dei volontari della Protezione civile quilianese. La manifestazione, tra le pi\u00f9 conosciute ed apprezzate in provincia (e non solo) quest&#8217;anno si amplier\u00e0 con il primo raduno delle auto sportive. [&hellip;]<\/p>\n","protected":false},"author":1385,"featured_media":0,"comment_status":"open","ping_status":"closed","sticky":false,"template":"","format":"standard","meta":{"footnotes":""},"categories":[56],"tags":[12061,2242,677,10569,85860,798],"class_list":["post-72724","post","type-post","status-publish","format-standard","hentry","category-altre","tag-auto-depoca","tag-auto-storiche","tag-protezione-civile","tag-protezione-civile-quiliano","tag-quiliano","tag-solidarieta","post_cat_citta-quiliano"],"amp_validity":null,"amp_enabled":true,"_links":{"self":[{"href":"https:\/\/staging.ivg.it\/ediapi\/wp\/v2\/posts\/72724","targetHints":{"allow":["GET"]}}],"collection":[{"href":"https:\/\/staging.ivg.it\/ediapi\/wp\/v2\/posts"}],"about":[{"href":"https:\/\/staging.ivg.it\/ediapi\/wp\/v2\/types\/post"}],"author":[{"embeddable":true,"href":"https:\/\/staging.ivg.it\/ediapi\/wp\/v2\/users\/1385"}],"replies":[{"embeddable":true,"href":"https:\/\/staging.ivg.it\/ediapi\/wp\/v2\/comments?post=72724"}],"version-history":[{"count":0,"href":"https:\/\/staging.ivg.it\/ediapi\/wp\/v2\/posts\/72724\/revisions"}],"wp:attachment":[{"href":"https:\/\/staging.ivg.it\/ediapi\/wp\/v2\/media?parent=72724"}],"wp:term":[{"taxonomy":"category","embeddable":true,"href":"https:\/\/staging.ivg.it\/ediapi\/wp\/v2\/categories?post=72724"},{"taxonomy":"post_tag","embeddable":true,"href":"https:\/\/staging.ivg.it\/ediapi\/wp\/v2\/tags?post=72724"}],"curies":[{"name":"wp","href":"https:\/\/api.w.org\/{rel}","templated":true}]}}