{"id":72284,"date":"2009-09-02T10:18:46","date_gmt":"2009-09-02T08:18:46","guid":{"rendered":"http:\/\/www.ivg.it\/2009\/09\/02\/quiliano-23esima-edizione-del-raduno-delle-auto-depoca\/"},"modified":"2009-09-02T16:05:04","modified_gmt":"2009-09-02T14:05:04","slug":"quiliano-23esima-edizione-del-raduno-delle-auto-depoca","status":"publish","type":"post","link":"https:\/\/staging.ivg.it\/2009\/09\/quiliano-23esima-edizione-del-raduno-delle-auto-depoca\/","title":{"rendered":"Quiliano, 23esima edizione del raduno delle auto d&#8217;epoca"},"content":{"rendered":"<p><strong>[thumb:12797:l]Quiliano. <\/strong>Si svolger\u00e0 a Quiliano domenica 6 settembre la 23esima edizione del &#8220;Ritrovo delle nonne a 2 e 4 ruote&#8221;, organizzato dal Vintage Motor Club di Savona e dei volontari della Protezione civile quilianese. La manifestazione, tra le pi\u00f9 conosciute ed apprezzate in provincia (e non solo) quest&#8217;anno si amplier\u00e0 con il primo raduno delle auto sportive. L&#8217;intero incasso dell&#8217;evento sar\u00e0 devoluto a favore della popolazione di Tione degli Abruzzi, localit\u00e0 colpita dagli eventi sismici dello scorso aprile e dove i volontari hanno operato e continuano ad operare. Appuntamento alle 8,30 in localit\u00e0 Massap\u00e8.<\/p>\n","protected":false},"excerpt":{"rendered":"<p>[thumb:12797:l]Quiliano. Si svolger\u00e0 a Quiliano domenica 6 settembre la 23esima edizione del &#8220;Ritrovo delle nonne a 2 e 4 ruote&#8221;, organizzato dal Vintage Motor Club di Savona e dei volontari della Protezione civile quilianese. La manifestazione, tra le pi\u00f9 conosciute ed apprezzate in provincia (e non solo) quest&#8217;anno si amplier\u00e0 con il primo raduno delle [&hellip;]<\/p>\n","protected":false},"author":1385,"featured_media":0,"comment_status":"open","ping_status":"closed","sticky":false,"template":"","format":"standard","meta":{"footnotes":""},"categories":[56],"tags":[6182,12061,677,85860,501,3587],"class_list":["post-72284","post","type-post","status-publish","format-standard","hentry","category-altre","tag-appuntamento","tag-auto-depoca","tag-protezione-civile","tag-quiliano","tag-raduno","tag-volontari","post_cat_citta-andora","post_cat_citta-quiliano","post_cat_citta-savona"],"amp_validity":null,"amp_enabled":true,"_links":{"self":[{"href":"https:\/\/staging.ivg.it\/ediapi\/wp\/v2\/posts\/72284","targetHints":{"allow":["GET"]}}],"collection":[{"href":"https:\/\/staging.ivg.it\/ediapi\/wp\/v2\/posts"}],"about":[{"href":"https:\/\/staging.ivg.it\/ediapi\/wp\/v2\/types\/post"}],"author":[{"embeddable":true,"href":"https:\/\/staging.ivg.it\/ediapi\/wp\/v2\/users\/1385"}],"replies":[{"embeddable":true,"href":"https:\/\/staging.ivg.it\/ediapi\/wp\/v2\/comments?post=72284"}],"version-history":[{"count":0,"href":"https:\/\/staging.ivg.it\/ediapi\/wp\/v2\/posts\/72284\/revisions"}],"wp:attachment":[{"href":"https:\/\/staging.ivg.it\/ediapi\/wp\/v2\/media?parent=72284"}],"wp:term":[{"taxonomy":"category","embeddable":true,"href":"https:\/\/staging.ivg.it\/ediapi\/wp\/v2\/categories?post=72284"},{"taxonomy":"post_tag","embeddable":true,"href":"https:\/\/staging.ivg.it\/ediapi\/wp\/v2\/tags?post=72284"}],"curies":[{"name":"wp","href":"https:\/\/api.w.org\/{rel}","templated":true}]}}