{"id":72278,"date":"2009-09-02T09:50:45","date_gmt":"2009-09-02T07:50:45","guid":{"rendered":"http:\/\/www.ivg.it\/?p=72278"},"modified":"2009-09-02T17:29:28","modified_gmt":"2009-09-02T15:29:28","slug":"vado-ciet-domani-inconto-in-prefettura","status":"publish","type":"post","link":"https:\/\/staging.ivg.it\/2009\/09\/vado-ciet-domani-inconto-in-prefettura\/","title":{"rendered":"Vado Ligure, Ciet: domani incontro in Prefettura"},"content":{"rendered":"<p><strong>[thumb:2559:l]Vado Ligure<\/strong>. La situazione lavorativa della Ciet di Vado sar\u00e0 al centro di un incontro in Prefettura fissato alle 10 di domani, gioved\u00ec 3 settembre. Il confronto \u00e8 stato chiesto dalle organizzazioni sindacali, di fronte all&#8217;aggravarsi della crisi nel settore delle installazioni telefoniche.<\/p>\n<p>La Fiom Ggil ha lamentato il mancato rispetto degli accordi da parte dell&#8217;azienda circa la cassa integrazione straordinaria in atto; non \u00e8 stata realizzata, infatti, come era invece previsto, la rotazione trimestrale del personale sospeso.<\/p>\n<p>Le forze sindacali solleciteranno il prefetto Frediani e la Provincia ad intervenire presso Telecom in modo che sia garantita continuit\u00e0 di investimenti sulla rete telefonica. I lavoratori chiedono inoltre un intervento presso il Ministero del Lavoro al fine di emanare il decreto per l&#8217;erogazione (da parte dell&#8217;Inps) delle indennit\u00e0 di cassa integrazione straordinaria, che sono ferme al 27 maggio scorso.<\/p>\n<p>&#8220;Siamo in attesa di avere una comunicazione da parte della Provincia di Savona relativamente alla nostra richiesta urgente di incontro inviata al presidente e all&#8217;assessore all&#8217;industria gi\u00e0 dieci giorni fa&#8221; sottolinea Andrea Pasa della Fiom Cgil.<\/p>\n","protected":false},"excerpt":{"rendered":"<p>[thumb:2559:l]Vado Ligure. La situazione lavorativa della Ciet di Vado sar\u00e0 al centro di un incontro in Prefettura fissato alle 10 di domani, gioved\u00ec 3 settembre. Il confronto \u00e8 stato chiesto dalle organizzazioni sindacali, di fronte all&#8217;aggravarsi della crisi nel settore delle installazioni telefoniche. La Fiom Ggil ha lamentato il mancato rispetto degli accordi da parte [&hellip;]<\/p>\n","protected":false},"author":13744,"featured_media":0,"comment_status":"open","ping_status":"closed","sticky":false,"template":"","format":"standard","meta":{"footnotes":""},"categories":[35],"tags":[9940,4898,755,12059,85979],"class_list":["post-72278","post","type-post","status-publish","format-standard","hentry","category-economia","tag-ciet","tag-fiom-cgil","tag-prefettura","tag-telefonia","tag-vado-ligure","post_cat_citta-vado-ligure"],"amp_validity":null,"amp_enabled":true,"_links":{"self":[{"href":"https:\/\/staging.ivg.it\/ediapi\/wp\/v2\/posts\/72278","targetHints":{"allow":["GET"]}}],"collection":[{"href":"https:\/\/staging.ivg.it\/ediapi\/wp\/v2\/posts"}],"about":[{"href":"https:\/\/staging.ivg.it\/ediapi\/wp\/v2\/types\/post"}],"author":[{"embeddable":true,"href":"https:\/\/staging.ivg.it\/ediapi\/wp\/v2\/users\/13744"}],"replies":[{"embeddable":true,"href":"https:\/\/staging.ivg.it\/ediapi\/wp\/v2\/comments?post=72278"}],"version-history":[{"count":0,"href":"https:\/\/staging.ivg.it\/ediapi\/wp\/v2\/posts\/72278\/revisions"}],"wp:attachment":[{"href":"https:\/\/staging.ivg.it\/ediapi\/wp\/v2\/media?parent=72278"}],"wp:term":[{"taxonomy":"category","embeddable":true,"href":"https:\/\/staging.ivg.it\/ediapi\/wp\/v2\/categories?post=72278"},{"taxonomy":"post_tag","embeddable":true,"href":"https:\/\/staging.ivg.it\/ediapi\/wp\/v2\/tags?post=72278"}],"curies":[{"name":"wp","href":"https:\/\/api.w.org\/{rel}","templated":true}]}}