{"id":72185,"date":"2009-09-01T13:20:06","date_gmt":"2009-09-01T11:20:06","guid":{"rendered":"http:\/\/www.ivg.it\/?p=72185"},"modified":"2009-09-02T09:51:54","modified_gmt":"2009-09-02T07:51:54","slug":"riclassificazione-alberghiera-upa-in-provincia-per-chiedere-incontro","status":"publish","type":"post","link":"https:\/\/staging.ivg.it\/2009\/09\/riclassificazione-alberghiera-upa-in-provincia-per-chiedere-incontro\/","title":{"rendered":"Riclassificazione alberghiera, UPA in Provincia per chiedere incontro"},"content":{"rendered":"<p><strong>[thumb:14051:l]Savona<\/strong>. Riunione questa mattina a Palazzo Nervi tra gli esponenti dell&#8217;Unione Provinciale Albergatori, Federalberghi, ed il presidente Angelo Vaccarezza. E&#8217; previsto un tavolo di discussione con i rappresentanti di categoria il prossimo 22 settembre. Cos\u00ec Franca Roveraro Cappelluto, vicepresidente dell&#8217;UPA, in delegazione insieme con il direttore Carlo Scrivano: &#8220;Siamo venuti in Provincia per portare all&#8217;attenzione dell&#8217;amministrazione le problematiche degli associati. La nuova classificazione delle strutture alberghiere \u00e8 un momento importante e delicato da affrontare, soprattutto alla luce della crisi economica e delle restrizioni del credito. Per questo abbiamo chiesto un nuovo incontro che faccia emergere le difficolt\u00e0 di coloro che operano nel settore della ricettivit\u00e0&#8221;.<\/p>\n<p>&#8220;E&#8217; doveroso per la Provincia ascoltare le esigenze degli albergatori e rispondere al loro invito di incontro &#8211; afferma Angelo Vaccarezza &#8211; Ci riuniremo con le categorie del settore. Quello della riclassificazione era un percorso atteso, anche se si poteva realizzare con tempi diversi. Aiuteremo gli operatori ad avviare quella svolta che consentir\u00e0 loro di migliorare l&#8217;offerta ricettiva. In ogni caso comprendiamo a fondo le difficolt\u00e0 che vive chi gestisce un hotel&#8221;. &#8220;La Provincia sar\u00e0 vicina agli albergatori &#8211; conclude il presidente provinciale &#8211; e l\u00e0 dove ha competenze delegate dalla Regione si far\u00e0 portavoce delle istanze del settore economico&#8221;.<\/p>\n<p>A fine agosto la Provincia ha inoltrato ai titolari di hotel, pensioni e residenze turistico alberghiere i modelli relativi alla riclassificazione. &#8220;In questi giorni molti associati hanno contattano l&#8217;ufficio dell&#8217;Unione Provinciale Albergatori per chiedere chiarimenti e modalit\u00e0 interpretative per non incorrere in errori formali rispetto alla nuova procedura di classificazione &#8211; spiega Angelo Galtieri, presidente dell&#8217;UPA &#8211; Naturalmente sar\u00e0 nostra cura accertarci che gli associati possano essere presenti all&#8217;incontro stabilito e, se ritenuto necessario, chiederemo comunque la disponibilit\u00e0 da parte della Provincia ad un impegno successivo sul territorio per  approfondire e affrontare in modo corretto sia la compilazione della modulistica relativa alla riclassificazione sia la tempistica relativa agli adeguamenti da apportare alle strutture ricettive&#8221;.<\/p>\n<p>&#8220;Invitiamo tutti i nostri associati a non compilare e spedire immediatamente i moduli, ma a valutare bene quelle che sono le implicazioni per poter poi trasmettere le dichiarazioni debitamente compilate e corredate da quanto richiesto&#8221; sottolinea Galtieri. L&#8217;UPA ha inoltre chiesto formalmente all&#8217;assessore regionale al turismo Margherita Bozzano, di poter concedere una moratoria su tutte le scadenze per l&#8217;adeguamento delle strutture.<\/p>\n","protected":false},"excerpt":{"rendered":"<p>[thumb:14051:l]Savona. Riunione questa mattina a Palazzo Nervi tra gli esponenti dell&#8217;Unione Provinciale Albergatori, Federalberghi, ed il presidente Angelo Vaccarezza. E&#8217; previsto un tavolo di discussione con i rappresentanti di categoria il prossimo 22 settembre. Cos\u00ec Franca Roveraro Cappelluto, vicepresidente dell&#8217;UPA, in delegazione insieme con il direttore Carlo Scrivano: &#8220;Siamo venuti in Provincia per portare all&#8217;attenzione [&hellip;]<\/p>\n","protected":false},"author":13744,"featured_media":0,"comment_status":"open","ping_status":"closed","sticky":false,"template":"","format":"standard","meta":{"footnotes":""},"categories":[35],"tags":[625,5979,2317,1093,5863,1092,375],"class_list":["post-72185","post","type-post","status-publish","format-standard","hentry","category-economia","tag-alberghi","tag-angelo-galtieri","tag-angelo-vaccarezza","tag-classificazione","tag-franca-cappelluto","tag-hotel","tag-provincia","post_cat_citta-andora","post_cat_citta-savona"],"amp_validity":null,"amp_enabled":true,"_links":{"self":[{"href":"https:\/\/staging.ivg.it\/ediapi\/wp\/v2\/posts\/72185","targetHints":{"allow":["GET"]}}],"collection":[{"href":"https:\/\/staging.ivg.it\/ediapi\/wp\/v2\/posts"}],"about":[{"href":"https:\/\/staging.ivg.it\/ediapi\/wp\/v2\/types\/post"}],"author":[{"embeddable":true,"href":"https:\/\/staging.ivg.it\/ediapi\/wp\/v2\/users\/13744"}],"replies":[{"embeddable":true,"href":"https:\/\/staging.ivg.it\/ediapi\/wp\/v2\/comments?post=72185"}],"version-history":[{"count":0,"href":"https:\/\/staging.ivg.it\/ediapi\/wp\/v2\/posts\/72185\/revisions"}],"wp:attachment":[{"href":"https:\/\/staging.ivg.it\/ediapi\/wp\/v2\/media?parent=72185"}],"wp:term":[{"taxonomy":"category","embeddable":true,"href":"https:\/\/staging.ivg.it\/ediapi\/wp\/v2\/categories?post=72185"},{"taxonomy":"post_tag","embeddable":true,"href":"https:\/\/staging.ivg.it\/ediapi\/wp\/v2\/tags?post=72185"}],"curies":[{"name":"wp","href":"https:\/\/api.w.org\/{rel}","templated":true}]}}