{"id":72136,"date":"2009-09-01T08:01:11","date_gmt":"2009-09-01T06:01:11","guid":{"rendered":"http:\/\/www.ivg.it\/2009\/09\/01\/tornano-a-crescere-i-prezzi-04-ad-agosto\/"},"modified":"2009-09-01T08:01:46","modified_gmt":"2009-09-01T06:01:46","slug":"tornano-a-crescere-i-prezzi-04-ad-agosto","status":"publish","type":"post","link":"https:\/\/staging.ivg.it\/2009\/09\/tornano-a-crescere-i-prezzi-04-ad-agosto\/","title":{"rendered":"Tornano a crescere i prezzi: +0,4% ad agosto"},"content":{"rendered":"<p>[thumb:1181:l]&#8221;Sulla base dei dati pervenuti, l&#8217;Istituto nazionale di statistica stima che l&#8217;indice nazionale dei prezzi al consumo per l&#8217;intera collettivit\u00e0 (NIC), relativo al mese di agosto 2009, presenti una variazione di pi\u00f9 0,4 per cento rispetto al mese di luglio 2009 e di pi\u00f9 0,2 per cento rispetto allo stesso mese dell&#8217;anno precedente&#8221;. E&#8217; quanto rileva l&#8217;Istat.<\/p>\n<p>E&#8217; il primo aumento da un anno. &#8220;In base alla stima provvisoria, l&#8217;indice armonizzato dei prezzi al consumo (IPCA) registra nel mese di agosto una variazione di pi\u00f9 0,3 per cento rispetto al mese precedente e una variazione di pi\u00f9 0,2 per cento rispetto allo stesso mese dell&#8217;anno precedente&#8221;, continua la nota.<\/p>\n<p>&#8220;Sulla base dei dati finora pervenuti gli aumenti congiunturali pi\u00f9 significativi dell&#8217;indice per l&#8217;intera collettivit\u00e0 si sono verificati per i capitoli Trasporti (pi\u00f9 1,8 per cento), Ricreazione, spettacoli e cultura (pi\u00f9 0,6 per cento) e Servizi ricettivi e di ristorazione (pi\u00f9 0,3 per cento); variazioni nulle si sono registrate nei capitoli Mobili, articoli e servizi per la casa, Servizi sanitari e spese per la salute e Istruzione. Variazioni negative si sono verificate nei capitoli Abitazione, acqua, elettricit\u00e0 e combustibili, Comunicazioni (meno 0,3 per cento per entrambi), Prodotti alimentari e bevande analcoliche e Abbigliamento e calzature (meno 0,1 per cento per entrambi)&#8221;, prosegue l&#8217;Istat.<\/p>\n<p>&#8220;Gli incrementi tendenziali pi\u00f9 elevati si sono registrati nei capitoli Bevande alcoliche e tabacchi (pi\u00f9 2,8 per cento), Altri beni e servizi (pi\u00f9 2,6 per cento) e Istruzione (pi\u00f9 2,2 per cento). Variazioni tendenziali negative si sono verificate nei capitoli Trasporti (meno 3,1 per cento) e Abitazione, acqua, elettricit\u00e0 e combustibili (meno 2,2 per cento)&#8221;, conclude la nota.<\/p>\n","protected":false},"excerpt":{"rendered":"<p>[thumb:1181:l]&#8221;Sulla base dei dati pervenuti, l&#8217;Istituto nazionale di statistica stima che l&#8217;indice nazionale dei prezzi al consumo per l&#8217;intera collettivit\u00e0 (NIC), relativo al mese di agosto 2009, presenti una variazione di pi\u00f9 0,4 per cento rispetto al mese di luglio 2009 e di pi\u00f9 0,2 per cento rispetto allo stesso mese dell&#8217;anno precedente&#8221;. E&#8217; quanto [&hellip;]<\/p>\n","protected":false},"author":13744,"featured_media":0,"comment_status":"open","ping_status":"closed","sticky":false,"template":"","format":"standard","meta":{"footnotes":""},"categories":[35],"tags":[85837,265,3337],"class_list":["post-72136","post","type-post","status-publish","format-standard","hentry","category-economia","tag-economia","tag-istat","tag-prezzi","post_cat_citta-andora"],"amp_validity":null,"amp_enabled":true,"_links":{"self":[{"href":"https:\/\/staging.ivg.it\/ediapi\/wp\/v2\/posts\/72136","targetHints":{"allow":["GET"]}}],"collection":[{"href":"https:\/\/staging.ivg.it\/ediapi\/wp\/v2\/posts"}],"about":[{"href":"https:\/\/staging.ivg.it\/ediapi\/wp\/v2\/types\/post"}],"author":[{"embeddable":true,"href":"https:\/\/staging.ivg.it\/ediapi\/wp\/v2\/users\/13744"}],"replies":[{"embeddable":true,"href":"https:\/\/staging.ivg.it\/ediapi\/wp\/v2\/comments?post=72136"}],"version-history":[{"count":0,"href":"https:\/\/staging.ivg.it\/ediapi\/wp\/v2\/posts\/72136\/revisions"}],"wp:attachment":[{"href":"https:\/\/staging.ivg.it\/ediapi\/wp\/v2\/media?parent=72136"}],"wp:term":[{"taxonomy":"category","embeddable":true,"href":"https:\/\/staging.ivg.it\/ediapi\/wp\/v2\/categories?post=72136"},{"taxonomy":"post_tag","embeddable":true,"href":"https:\/\/staging.ivg.it\/ediapi\/wp\/v2\/tags?post=72136"}],"curies":[{"name":"wp","href":"https:\/\/api.w.org\/{rel}","templated":true}]}}