{"id":72132,"date":"2009-09-01T07:55:25","date_gmt":"2009-09-01T05:55:25","guid":{"rendered":"http:\/\/www.ivg.it\/2009\/09\/01\/cisano-incendio-in-un-terreno-si-estende-sino-a-distruggere-unauto\/"},"modified":"2009-09-01T17:41:27","modified_gmt":"2009-09-01T15:41:27","slug":"cisano-incendio-in-un-terreno-si-estende-sino-a-distruggere-unauto","status":"publish","type":"post","link":"https:\/\/staging.ivg.it\/2009\/09\/cisano-incendio-in-un-terreno-si-estende-sino-a-distruggere-unauto\/","title":{"rendered":"Cisano, incendio in un terreno si estende sino a distruggere un&#8217;auto"},"content":{"rendered":"<p><strong>[thumb:7822:l]Cisano sul Neva<\/strong>. Un incendio divampato in un&#8217;area piena di sterpaglie si \u00e8 esteso ad un parcheggio, distruggendo una Toyota Yaris. E&#8217; successo questa notte a Cisano sul Neva, in localit\u00e0 Piamboschi, al margine con la Strada Provinciale 3 che conduce a Salea d&#8217;Albenga.<\/p>\n<p>L&#8217;allarme \u00e8 scattato intorno alle 4, quando un operatore della nettezza urbana durante il suo giro antelucano si \u00e8 accorto delle fiamme ed ha chiamato il 115. I vigili del fuoco sono arrivati tempestivamente sul posto, ma nel frattempo il rogo aveva gi\u00e0 &#8220;percorso&#8221; una linea di sterpi ed erba secca di una sessantina di metri raggiungendo l&#8217;area adibita a posteggio.<\/p>\n<p>Pare che il fattore scatenante sia stata una cicca di sigaretta gettata a bordo strada da qualche incauto automobilista. Il rogo \u00e8 presto divampato sul terreno disseminato di ceppaie ed erba secca, per giunta vicino ad una fascia di olive, e si \u00e8 moltiplicato sino a raggiungere dalla parte opposta la Yaris. Il fuoco ha dapprima attaccato una ruota posteriore, quindi ha sciolto il serbatoio in plastica della vettura: la benzina si \u00e8 dispersa e le fiamme hanno avvolto interamente il mezzo, carbonizzandolo.<\/p>\n<p>La squadra dei pompieri del distaccamento albenganese ha spento il rogo prima che si estendesse alle altre automobili parcheggiate e si diffondesse ulteriormente sul terreno (la cui vegetazione era stata da qualche giorno decespugliata). A confine con l&#8217;appezzamento si trova un gruppo di case cintate, risparmiate dalla minaccia dell&#8217;incendio.<\/p>\n","protected":false},"excerpt":{"rendered":"<p>[thumb:7822:l]Cisano sul Neva. Un incendio divampato in un&#8217;area piena di sterpaglie si \u00e8 esteso ad un parcheggio, distruggendo una Toyota Yaris. E&#8217; successo questa notte a Cisano sul Neva, in localit\u00e0 Piamboschi, al margine con la Strada Provinciale 3 che conduce a Salea d&#8217;Albenga. L&#8217;allarme \u00e8 scattato intorno alle 4, quando un operatore della nettezza [&hellip;]<\/p>\n","protected":false},"author":13744,"featured_media":0,"comment_status":"open","ping_status":"closed","sticky":false,"template":"","format":"standard","meta":{"footnotes":""},"categories":[34],"tags":[85899,423,618],"class_list":["post-72132","post","type-post","status-publish","format-standard","hentry","category-cronaca","tag-cisano-sul-neva","tag-incendio","tag-vigili-del-fuoco","post_cat_citta-cisano-sul-neva"],"amp_validity":null,"amp_enabled":true,"_links":{"self":[{"href":"https:\/\/staging.ivg.it\/ediapi\/wp\/v2\/posts\/72132","targetHints":{"allow":["GET"]}}],"collection":[{"href":"https:\/\/staging.ivg.it\/ediapi\/wp\/v2\/posts"}],"about":[{"href":"https:\/\/staging.ivg.it\/ediapi\/wp\/v2\/types\/post"}],"author":[{"embeddable":true,"href":"https:\/\/staging.ivg.it\/ediapi\/wp\/v2\/users\/13744"}],"replies":[{"embeddable":true,"href":"https:\/\/staging.ivg.it\/ediapi\/wp\/v2\/comments?post=72132"}],"version-history":[{"count":0,"href":"https:\/\/staging.ivg.it\/ediapi\/wp\/v2\/posts\/72132\/revisions"}],"wp:attachment":[{"href":"https:\/\/staging.ivg.it\/ediapi\/wp\/v2\/media?parent=72132"}],"wp:term":[{"taxonomy":"category","embeddable":true,"href":"https:\/\/staging.ivg.it\/ediapi\/wp\/v2\/categories?post=72132"},{"taxonomy":"post_tag","embeddable":true,"href":"https:\/\/staging.ivg.it\/ediapi\/wp\/v2\/tags?post=72132"}],"curies":[{"name":"wp","href":"https:\/\/api.w.org\/{rel}","templated":true}]}}