{"id":72010,"date":"2009-08-31T08:18:33","date_gmt":"2009-08-31T06:18:33","guid":{"rendered":"http:\/\/www.ivg.it\/2009\/08\/31\/diocesi-i-nuovi-parroci-di-celle-noli-albissola-e-quiliano\/"},"modified":"2009-08-31T08:18:33","modified_gmt":"2009-08-31T06:18:33","slug":"diocesi-i-nuovi-parroci-di-celle-noli-albissola-e-quiliano","status":"publish","type":"post","link":"https:\/\/staging.ivg.it\/2009\/08\/diocesi-i-nuovi-parroci-di-celle-noli-albissola-e-quiliano\/","title":{"rendered":"Diocesi: i nuovi parroci di Celle, Noli, Albissola e Quiliano"},"content":{"rendered":"<p><strong>[thumb:3402:l]Provincia<\/strong>. Don Pinetto ritorna a Celle, don Rebagliati va a Noli, don Ferri si trasferisce a Quiliano, don Macchioli gioca &#8220;in casa&#8221; ad Albissola. Durante l&#8217;estate il vescovo ha mosso diverse pedine sullo scacchiere diocesano e le nomine dei nuovi parroci sono state rese note per diventare presto operative.<\/p>\n<p>Spicca il ritorno di don Pietro Pinetto (che lascia Noli) nella parrocchia di san Michele a Celle ligure, dove era gi\u00e0 stato come parroco durante gli anni &#8217;90: prender\u00e0 il posto di don Piero Giacosa, economo diocesano e rettore del Seminario, che si &#8220;alleggerisce&#8221; dell&#8217;impegnativa parrocchia cellasca mantendendo solo la titolarit\u00e0 di quella di san Giorgio a Sanda. L&#8217;intenzione del vescovo \u00e8 di dar vita ad un&#8217;unit\u00e0 pastorale fra le tre parrocchie della zona di Celle.<\/p>\n<p>Un ritorno di altro tipo \u00e8 invece quello di don Adolfo Macchioli, originario di Albissola Marina, dove ora far\u00e0 l&#8217;ingresso come parroco, conservando l&#8217;incarico di direttore diocesano della Caritas. Lo affiancher\u00e0, come vicario parrocchiale, il suo predecessore don Gino Peluffo, dimessosi per raggiunti limiti d&#8217;et\u00e0. Anche in questo caso monsignor Lupi auspica la nascita di un&#8217;unit\u00e0 pastorale, con la parrocchia Stella Maris di Albisola Capo.<\/p>\n<p>A Noli andr\u00e0 come parroco don Carlo Rebagliati, che conserva il ruolo di responsabile dell&#8217;Ufficio diocesano per i beni culturali ecclesiastici e di parroco di Tosse. L&#8217;obiettivo, in questo caso, \u00e8 di dar vita ad un&#8217;unit\u00e0 pastorale con la vicina parrocchia di Spotorno. Nell&#8217;immediato entroterra, invece, don Giovanni Ghilardi, parroco di Voze, assume la titolarit\u00e0 anche della parrocchia del santo Salvatore e del santo Sepolcro di Vezzi Portio (dov&#8217;era in precedenza don Nello Giraudo) in vista di un lavoro pastorale comune.<\/p>\n<p>A Quiliano, parrocchia rimasta vacante per la prematura scomparsa di don Emilio Damele, andr\u00e0 don Antonio Ferri, che lascia l&#8217;unit\u00e0 pastorale di san Francesco-san Lorenzo a Savona e la parrocchia di Cadibona. Pure in questo caso \u00e8 incoraggiata la collaborazione con le altre comunit\u00e0 della zona. L&#8217;ultima nomina riguarda don Giancarlo Iraldi, che lascia Albissola Marina dov&#8217;era viceparroco, e Stella san Martino, di cui era parroco, per diventare viceparroco di san Nazario a Varazze, con l&#8217;impegno di collaborare con la limitrofa parrocchia di sant&#8217;Ambrogio.<\/p>\n","protected":false},"excerpt":{"rendered":"<p>[thumb:3402:l]Provincia. Don Pinetto ritorna a Celle, don Rebagliati va a Noli, don Ferri si trasferisce a Quiliano, don Macchioli gioca &#8220;in casa&#8221; ad Albissola. Durante l&#8217;estate il vescovo ha mosso diverse pedine sullo scacchiere diocesano e le nomine dei nuovi parroci sono state rese note per diventare presto operative. Spicca il ritorno di don Pietro [&hellip;]<\/p>\n","protected":false},"author":13744,"featured_media":0,"comment_status":"open","ping_status":"closed","sticky":false,"template":"","format":"standard","meta":{"footnotes":""},"categories":[],"tags":[699,86004,1554,85925,4558,85860],"class_list":["post-72010","post","type-post","status-publish","format-standard","hentry","tag-albissola","tag-celle-ligure","tag-chiesa","tag-noli","tag-parrocchia","tag-quiliano","post_cat_citta-albissola-marina","post_cat_citta-celle-ligure","post_cat_citta-noli","post_cat_citta-quiliano"],"amp_validity":null,"amp_enabled":true,"_links":{"self":[{"href":"https:\/\/staging.ivg.it\/ediapi\/wp\/v2\/posts\/72010","targetHints":{"allow":["GET"]}}],"collection":[{"href":"https:\/\/staging.ivg.it\/ediapi\/wp\/v2\/posts"}],"about":[{"href":"https:\/\/staging.ivg.it\/ediapi\/wp\/v2\/types\/post"}],"author":[{"embeddable":true,"href":"https:\/\/staging.ivg.it\/ediapi\/wp\/v2\/users\/13744"}],"replies":[{"embeddable":true,"href":"https:\/\/staging.ivg.it\/ediapi\/wp\/v2\/comments?post=72010"}],"version-history":[{"count":0,"href":"https:\/\/staging.ivg.it\/ediapi\/wp\/v2\/posts\/72010\/revisions"}],"wp:attachment":[{"href":"https:\/\/staging.ivg.it\/ediapi\/wp\/v2\/media?parent=72010"}],"wp:term":[{"taxonomy":"category","embeddable":true,"href":"https:\/\/staging.ivg.it\/ediapi\/wp\/v2\/categories?post=72010"},{"taxonomy":"post_tag","embeddable":true,"href":"https:\/\/staging.ivg.it\/ediapi\/wp\/v2\/tags?post=72010"}],"curies":[{"name":"wp","href":"https:\/\/api.w.org\/{rel}","templated":true}]}}