{"id":71039,"date":"2009-08-21T10:30:37","date_gmt":"2009-08-21T08:30:37","guid":{"rendered":"http:\/\/www.ivg.it\/2009\/08\/21\/ferrania-berruti-filcem-cgil-dubbi-sul-polo-del-fotovoltaico\/"},"modified":"2009-08-21T17:19:14","modified_gmt":"2009-08-21T15:19:14","slug":"ferrania-berruti-filcem-cgil-dubbi-sul-polo-del-fotovoltaico","status":"publish","type":"post","link":"https:\/\/staging.ivg.it\/2009\/08\/ferrania-berruti-filcem-cgil-dubbi-sul-polo-del-fotovoltaico\/","title":{"rendered":"Ferrania, Berruti (Filcem Cgil): &#8220;Dubbi sul polo del fotovoltaico&#8221;"},"content":{"rendered":"<p><strong>[thumb:9672:l]Cairo Montenotte<\/strong>. &#8220;Nutro dei dubbi sul fatto che il piano industriale sul fotovoltaico possa davvero trasformare il sito di Ferrania nel polo del settore per il Nord Ovest&#8221;. E&#8217; l&#8217;opinione di Fulvio Berruti della Filcem Cgil, che proietta un quadro poco invitante dal punto di vista occupazionale: &#8220;Cos\u00ec come ci \u00e8 stato presentato, il progetto del fotovoltaico potrebbe occupare una trentina di persone. Ben poco direi&#8221;.<\/p>\n<p>Le pellicole fotosensibili di nuova generazione, che in un prossimo futuro potranno essere applicate sulle superfici degli edifici per produrre energia solare, dovrebbero essere al centro di quella che sar\u00e0 la linea di produzione e di ricerca dello stabilimento valbormidese. &#8220;Per ora \u00e8 tutto sulla carta e nelle idee&#8221; afferma Berruti.<\/p>\n<p>Dopo la cassa integrazione in deroga per tutti i dipendenti e nonostante siano state trovate le risorse per i cantieri scuola-lavoro (con la promessa da parte delle istituzioni di nuovi ammortizzatori sociali per il 2010), le preoccupazioni dei lavoratori sono sempre le stesse. &#8220;Abbiamo visto sfilare azionisti e lo scorso agosto sparire Gavio e Malacalza &#8211; dice Fulvio Berruti &#8211; Abbiamo visto sfumare l&#8217;ipotesi del laminatoio. Certo che \u00e8 difficile essere fiduciosi sul rilancio economico-occupazionale che tarda sempre ad arrivare, anche quando si parla di investimenti sul fotovoltaico&#8221;.<\/p>\n<p>Aggiunge l&#8217;esponente della Filcem Cgil: &#8220;Su 500 mila metri quadri disponibili per l&#8217;industria, soltanto il 15% sar\u00e0 infrastrutturato per la produzione. Vorremmo capire come mai resta fuori dai piani il restante 85% delle aree di Ferrania, nonostante non vi sia pi\u00f9 contenzioso giuridico con i commissari straordinari e i terreni siano ora tutti sotto la disponibilit\u00e0 di Ferrania Technologies&#8221;. &#8220;Che Ferrania diventi un parco tecnologico \u00e8 un auspicio e, in teoria, un progetto serio e fondamentale &#8211; conclude &#8211; ma sulla realizzazione riservo dei dubbi&#8221;.<\/p>\n","protected":false},"excerpt":{"rendered":"<p>[thumb:9672:l]Cairo Montenotte. &#8220;Nutro dei dubbi sul fatto che il piano industriale sul fotovoltaico possa davvero trasformare il sito di Ferrania nel polo del settore per il Nord Ovest&#8221;. E&#8217; l&#8217;opinione di Fulvio Berruti della Filcem Cgil, che proietta un quadro poco invitante dal punto di vista occupazionale: &#8220;Cos\u00ec come ci \u00e8 stato presentato, il progetto [&hellip;]<\/p>\n","protected":false},"author":13744,"featured_media":0,"comment_status":"open","ping_status":"closed","sticky":false,"template":"","format":"standard","meta":{"footnotes":""},"categories":[35],"tags":[85987,85992,892,5854,1817,509,1013],"class_list":["post-71039","post","type-post","status-publish","format-standard","hentry","category-economia","tag-cairo-montenotte","tag-ferrania","tag-fotovoltaico","tag-fulvio-berruti","tag-industria","tag-lavoro","tag-occupazione","post_cat_citta-cairo-montenotte"],"amp_validity":null,"amp_enabled":true,"_links":{"self":[{"href":"https:\/\/staging.ivg.it\/ediapi\/wp\/v2\/posts\/71039","targetHints":{"allow":["GET"]}}],"collection":[{"href":"https:\/\/staging.ivg.it\/ediapi\/wp\/v2\/posts"}],"about":[{"href":"https:\/\/staging.ivg.it\/ediapi\/wp\/v2\/types\/post"}],"author":[{"embeddable":true,"href":"https:\/\/staging.ivg.it\/ediapi\/wp\/v2\/users\/13744"}],"replies":[{"embeddable":true,"href":"https:\/\/staging.ivg.it\/ediapi\/wp\/v2\/comments?post=71039"}],"version-history":[{"count":0,"href":"https:\/\/staging.ivg.it\/ediapi\/wp\/v2\/posts\/71039\/revisions"}],"wp:attachment":[{"href":"https:\/\/staging.ivg.it\/ediapi\/wp\/v2\/media?parent=71039"}],"wp:term":[{"taxonomy":"category","embeddable":true,"href":"https:\/\/staging.ivg.it\/ediapi\/wp\/v2\/categories?post=71039"},{"taxonomy":"post_tag","embeddable":true,"href":"https:\/\/staging.ivg.it\/ediapi\/wp\/v2\/tags?post=71039"}],"curies":[{"name":"wp","href":"https:\/\/api.w.org\/{rel}","templated":true}]}}