{"id":71037,"date":"2009-08-21T09:36:20","date_gmt":"2009-08-21T07:36:20","guid":{"rendered":"http:\/\/www.ivg.it\/2009\/08\/21\/albenga-a-ottobre-il-pellegrinaggio-diocesano-oftal-a-lourdes\/"},"modified":"2009-08-21T09:38:22","modified_gmt":"2009-08-21T07:38:22","slug":"albenga-a-ottobre-il-pellegrinaggio-diocesano-oftal-a-lourdes","status":"publish","type":"post","link":"https:\/\/staging.ivg.it\/2009\/08\/albenga-a-ottobre-il-pellegrinaggio-diocesano-oftal-a-lourdes\/","title":{"rendered":"Albenga, a ottobre il pellegrinaggio diocesano OFTAL a Lourdes"},"content":{"rendered":"<p>[thumb:9389:l]<strong>Ponente<\/strong>. Sono aperte le iscrizioni al pellegrinaggio a Lourdes organizzato dall&#8217;OFTAL (Opera Federativa Trasporto Ammalati a Lourdes) sezione diocesana di Albenga-Imperia, che si svolger\u00e0 da domenica 11 a sabato 17 ottobre.<\/p>\n<p>Il pellegrinaggio \u00e8 un&#8217;esperienza di fede e di volontariato, che rappresenta l&#8217;opportunit\u00e0 per molte persone ammalate, anziane e disabili di recarsi a Lourdes. Nel corso dell&#8217;inverno si sono svolti alcuni incontri di catechesi per il personale volontario su &#8220;Il cammino di Bernadette&#8221;, tema pastorale proposto dal Santuario di Lourdes per l&#8217;anno 2009.<\/p>\n<p>Ad ottobre si effettueranno due incontri di formazione per tutti i volontari iscritti al pellegrinaggio, sia per coloro che sono alla prima esperienza, sia per chi partecipa da pi\u00f9 anni. Le iscrizioni si possono effettuare presso i vari referenti presenti in Diocesi o presso la sede di Albenga in Via Lengueglia n. 22, nel Palazzo Vescovile, aperta tutti i giorni, escluso sabato e festivi, dalle ore 16 alle ore 18. Per informazioni e contatti chiamare il numero 0182-543241.<\/p>\n","protected":false},"excerpt":{"rendered":"<p>[thumb:9389:l]Ponente. Sono aperte le iscrizioni al pellegrinaggio a Lourdes organizzato dall&#8217;OFTAL (Opera Federativa Trasporto Ammalati a Lourdes) sezione diocesana di Albenga-Imperia, che si svolger\u00e0 da domenica 11 a sabato 17 ottobre. Il pellegrinaggio \u00e8 un&#8217;esperienza di fede e di volontariato, che rappresenta l&#8217;opportunit\u00e0 per molte persone ammalate, anziane e disabili di recarsi a Lourdes. Nel [&hellip;]<\/p>\n","protected":false},"author":13744,"featured_media":0,"comment_status":"open","ping_status":"closed","sticky":false,"template":"","format":"standard","meta":{"footnotes":""},"categories":[],"tags":[2161,2252,1252],"class_list":["post-71037","post","type-post","status-publish","format-standard","hentry","tag-lourdes","tag-oftal","tag-pellegrinaggio","post_cat_citta-andora"],"amp_validity":null,"amp_enabled":true,"_links":{"self":[{"href":"https:\/\/staging.ivg.it\/ediapi\/wp\/v2\/posts\/71037","targetHints":{"allow":["GET"]}}],"collection":[{"href":"https:\/\/staging.ivg.it\/ediapi\/wp\/v2\/posts"}],"about":[{"href":"https:\/\/staging.ivg.it\/ediapi\/wp\/v2\/types\/post"}],"author":[{"embeddable":true,"href":"https:\/\/staging.ivg.it\/ediapi\/wp\/v2\/users\/13744"}],"replies":[{"embeddable":true,"href":"https:\/\/staging.ivg.it\/ediapi\/wp\/v2\/comments?post=71037"}],"version-history":[{"count":0,"href":"https:\/\/staging.ivg.it\/ediapi\/wp\/v2\/posts\/71037\/revisions"}],"wp:attachment":[{"href":"https:\/\/staging.ivg.it\/ediapi\/wp\/v2\/media?parent=71037"}],"wp:term":[{"taxonomy":"category","embeddable":true,"href":"https:\/\/staging.ivg.it\/ediapi\/wp\/v2\/categories?post=71037"},{"taxonomy":"post_tag","embeddable":true,"href":"https:\/\/staging.ivg.it\/ediapi\/wp\/v2\/tags?post=71037"}],"curies":[{"name":"wp","href":"https:\/\/api.w.org\/{rel}","templated":true}]}}