{"id":70566,"date":"2009-08-17T14:17:04","date_gmt":"2009-08-17T12:17:04","guid":{"rendered":"http:\/\/www.ivg.it\/2009\/08\/17\/burlando-la-lega-cerca-di-consolidare-la-coalizione\/"},"modified":"2009-08-18T09:56:21","modified_gmt":"2009-08-18T07:56:21","slug":"burlando-la-lega-cerca-di-consolidare-la-coalizione","status":"publish","type":"post","link":"https:\/\/staging.ivg.it\/2009\/08\/burlando-la-lega-cerca-di-consolidare-la-coalizione\/","title":{"rendered":"Caso Lega, Burlando: &#8220;La coalizione non tiene&#8221;"},"content":{"rendered":"<p><strong>[thumb:12889:l]Regione. <\/strong>&#8220;Bossi \u00e8 un uomo di fiuto e si rende conto che la coalizione di governo non tiene. Per questo punta su temi fortemente caratterizzanti e identitari&#8221;. Cos\u00ec il presidente della Regione Liguria, Claudio Burlando, commenta l&#8217;idea della Lega Nord di utilizzare il &#8216;Va pensiero&#8217; di Verdi come inno nazionale. L&#8217;inno di Mameli (il titolo originale \u00e8 &#8216;Il canto degli italiani&#8217;) nacque a Genova nel 1847. Scritto dall&#8217;allora ventenne studente e patriota genovese Goffredo Mameli, musicato poco dopo a Torino da un altro genovese, Michele Novaro, l&#8217;inno nacque in quel clima di fervore patriottico che gi\u00e0 preludeva alla guerra contro l&#8217;Austria.<\/p>\n<p>L&#8217;immediatezza dei versi e l&#8217;impeto della melodia ne fecero il pi\u00f9 amato canto dell&#8217;unificazione, non solo durante la stagione risorgimentale, ma anche nei decenni successivi. Non a caso Giuseppe Verdi, nel suo Inno delle Nazioni del 1862, affid\u00f2 proprio al Canto degli Italiani, e non alla Marcia Reale, il compito di simboleggiare la Patria, ponendolo accanto a God Save the Queen e alla Marsigliese. Fu quasi naturale, dunque, che il 12 ottobre 1946 l&#8217;Inno di Mameli divenisse l&#8217;inno nazionale della Repubblica Italiana.<\/p>\n<p>&#8220;L&#8217;inno nazionale &#8211; dice oggi Burlando &#8211; \u00e8 qualcosa di pi\u00f9 della politica, \u00e8 la storia di un Paese, della sua cultura, delle sue tradizioni. L&#8217;inno di Mameli rappresenta un&#8217;epoca storica, quella Risorgimentale, ed ha un funzione di identit\u00e0 nazionale&#8221;.<\/p>\n","protected":false},"excerpt":{"rendered":"<p>[thumb:12889:l]Regione. &#8220;Bossi \u00e8 un uomo di fiuto e si rende conto che la coalizione di governo non tiene. Per questo punta su temi fortemente caratterizzanti e identitari&#8221;. Cos\u00ec il presidente della Regione Liguria, Claudio Burlando, commenta l&#8217;idea della Lega Nord di utilizzare il &#8216;Va pensiero&#8217; di Verdi come inno nazionale. L&#8217;inno di Mameli (il titolo [&hellip;]<\/p>\n","protected":false},"author":13744,"featured_media":0,"comment_status":"open","ping_status":"closed","sticky":false,"template":"","format":"standard","meta":{"footnotes":""},"categories":[31],"tags":[284,11715,4200],"class_list":["post-70566","post","type-post","status-publish","format-standard","hentry","category-politica","tag-claudio-burlando","tag-inno-di-mameli","tag-lega","post_cat_citta-andora"],"amp_validity":null,"amp_enabled":true,"_links":{"self":[{"href":"https:\/\/staging.ivg.it\/ediapi\/wp\/v2\/posts\/70566","targetHints":{"allow":["GET"]}}],"collection":[{"href":"https:\/\/staging.ivg.it\/ediapi\/wp\/v2\/posts"}],"about":[{"href":"https:\/\/staging.ivg.it\/ediapi\/wp\/v2\/types\/post"}],"author":[{"embeddable":true,"href":"https:\/\/staging.ivg.it\/ediapi\/wp\/v2\/users\/13744"}],"replies":[{"embeddable":true,"href":"https:\/\/staging.ivg.it\/ediapi\/wp\/v2\/comments?post=70566"}],"version-history":[{"count":0,"href":"https:\/\/staging.ivg.it\/ediapi\/wp\/v2\/posts\/70566\/revisions"}],"wp:attachment":[{"href":"https:\/\/staging.ivg.it\/ediapi\/wp\/v2\/media?parent=70566"}],"wp:term":[{"taxonomy":"category","embeddable":true,"href":"https:\/\/staging.ivg.it\/ediapi\/wp\/v2\/categories?post=70566"},{"taxonomy":"post_tag","embeddable":true,"href":"https:\/\/staging.ivg.it\/ediapi\/wp\/v2\/tags?post=70566"}],"curies":[{"name":"wp","href":"https:\/\/api.w.org\/{rel}","templated":true}]}}