{"id":70453,"date":"2009-08-15T14:32:35","date_gmt":"2009-08-15T12:32:35","guid":{"rendered":"http:\/\/www.ivg.it\/?p=70453"},"modified":"2009-08-17T09:53:57","modified_gmt":"2009-08-17T07:53:57","slug":"albisola-superiore-molto-rumore-per-nulla","status":"publish","type":"post","link":"https:\/\/staging.ivg.it\/2009\/08\/albisola-superiore-molto-rumore-per-nulla\/","title":{"rendered":"Albisola Superiore: &#8220;Molto rumore per nulla&#8221;"},"content":{"rendered":"<p><strong>[thumb:13795:l]Albisola Superiore.<\/strong> Alle 3 e 15 di sabato 15 agosto, carabinieri, polizia municipale e volontari della protezione civile (per un totale di circa 40 persone) sono arrivati nel centro storico, dove hanno transennato e presidiato tutti i varchi di accesso alle vie del piccolo centro cittadino.<\/p>\n<p>In piazza Matteotti, davanti al pub Pilar, si erano dati appuntamento i consiglieri di minoranza Luigi Cameirano (Pd) e Carlotta Pozzato (RC),  oltre ad una ventina di cittadini contrari all&#8217;ordinanza del sindaco Franco Orsi che prevede sanzioni da 25 a 500 e per coloro i quali saranno sorpresi entrare o stazionare nelle vie oggetto del coprifuoco tra le 3 e 15 e le 6 di tutti i venerd\u00ec e sabato fino a settembre.<\/p>\n<p>A vigilare su tutto anche il sindaco, l&#8217;assessore al turismo Gaspari e alcuni consiglieri di maggioranza: &#8220;E&#8217; un esperimento, per cercare di far dormire tranquillamente i circa 600 abitanti del centro storico &#8211; ha dichiarato il primo cittadino albisolese &#8211; che altrimenti sarebbero disturbati dal passaggio e dal chiacchericcio dei giovani in uscita dai vicini locali&#8221;.<\/p>\n<p>&#8220;Siamo qui per protestare contro questa ordinanza che riteniamo inutile e dannosa per l&#8217;immagine della citt\u00e0 &#8211; dichiara Luigi Camoirano, consigliere di minoranza del PD &#8211; Senza considerare che la piazzetta, cuore del centro storico non \u00e8 stata inserita nella zona off limits, sar\u00e0 mica perch\u00e8 il pub presente \u00e8 di propriet\u00e0 di un assessore?&#8221;. Gli fa eco Carlotta Pozzato &#8220;Oltre al danno d&#8217;immagine, c&#8217;\u00e8 il costo per la comunit\u00e0 visto l&#8217;enorme numero di forze dispiegate per presidiare i varchi, e il rischio per il resto della citt\u00e0 visto che carabinieri ed agenti della municipale sono schierati in massa nel centro e quindi impossibilitati a presidiare il vasto territorio cittadino&#8221;.[image:13796:r]<\/p>\n<p>I primi &#8220;passanti&#8221; arrivano immediatamente e sono sorpresi dalla novit\u00e0, abitanti che risiedono nelle vie limitrofe chiedono di poter passare, turisti che non sanno come tornare in hotel sono accompagnati sulla &#8220;viabilit\u00e0 alternativa&#8221;. La litania pi\u00f9 utilizzata \u00e8 &#8220;Solo in Italia succedono queste cose&#8221;. Intorno alle 4 il sindaco Orsi tiene un&#8217;accesa discussione con un giovane albisolese (di Marina n.d.r.) &#8220;Sono stato eletto per prendere delle decisioni, magari impopolari, ma che vanno rispettate. Si transita liberamente sul lungomare e si pu\u00f2 accedere alla via Aurelia da altre vie senza transitare nel centro storico, non mi sembra cos\u00ec grave&#8221; risponde il senatore al giovane che accusava la sua ordinanza di &#8220;palese incostituzionalit\u00e0&#8221;[image:13797:r]<\/p>\n<p>Il dramma principale per molti giovani non sembra quello di dover allungare il tragitto per tornare a casa o per raggiungere l&#8217;auto quanto quello di non poter andare a mangiare la focaccia. Alcuni giovani, forse anche con qualche brindisi di troppo, esclamano: &#8220;Golden Beach e focaccia da Garbarini erano un rito adesso come facciamo???&#8221;. La necessit\u00e0 aguzza l&#8217;ingegno e c&#8217;\u00e8 anche chi si presenta al varco e chiede ai carabinieri di poter passare per recarsi a pregare sul sagrato della chiesa, ma i militari rispondono di no &#8220;Passano solo i residenti nelle vie&#8221;, ma alla fine tutti proseguono il viaggio con qualche borbottio e poco pi\u00f9.<\/p>\n<p>I video della webtv di IVG<\/p>\n<p><a href=\"http:\/\/webtv.ivg.it\/video\/2009\/08\/17\/5701\/albisola-158-ore-3-centro-storico-off-limits-le-polemiche\" target=\"_blank\">Albisola, 15\/8 ore 3 centro storico off limits: le polemiche<\/a><\/p>\n<p><a href=\"http:\/\/webtv.ivg.it\/video\/2009\/08\/17\/5700\/albisola-158-ore-4-centro-storico-off-limits-parla-orsi\" target=\"_blank\">Albisola, 15\/8 ore 4 centro storico off limits: parla Orsi<\/a><\/p>\n","protected":false},"excerpt":{"rendered":"<p>[thumb:13795:l]Albisola Superiore. Alle 3 e 15 di sabato 15 agosto, carabinieri, polizia municipale e volontari della protezione civile (per un totale di circa 40 persone) sono arrivati nel centro storico, dove hanno transennato e presidiato tutti i varchi di accesso alle vie del piccolo centro cittadino. In piazza Matteotti, davanti al pub Pilar, si erano [&hellip;]<\/p>\n","protected":false},"author":13744,"featured_media":0,"comment_status":"open","ping_status":"closed","sticky":false,"template":"","format":"standard","meta":{"footnotes":""},"categories":[],"tags":[11663,228,9893],"class_list":["post-70453","post","type-post","status-publish","format-standard","hentry","tag-albisola-superio","tag-carabinieri","tag-centro-storico","post_cat_citta-albisola-superiore"],"amp_validity":null,"amp_enabled":true,"_links":{"self":[{"href":"https:\/\/staging.ivg.it\/ediapi\/wp\/v2\/posts\/70453","targetHints":{"allow":["GET"]}}],"collection":[{"href":"https:\/\/staging.ivg.it\/ediapi\/wp\/v2\/posts"}],"about":[{"href":"https:\/\/staging.ivg.it\/ediapi\/wp\/v2\/types\/post"}],"author":[{"embeddable":true,"href":"https:\/\/staging.ivg.it\/ediapi\/wp\/v2\/users\/13744"}],"replies":[{"embeddable":true,"href":"https:\/\/staging.ivg.it\/ediapi\/wp\/v2\/comments?post=70453"}],"version-history":[{"count":0,"href":"https:\/\/staging.ivg.it\/ediapi\/wp\/v2\/posts\/70453\/revisions"}],"wp:attachment":[{"href":"https:\/\/staging.ivg.it\/ediapi\/wp\/v2\/media?parent=70453"}],"wp:term":[{"taxonomy":"category","embeddable":true,"href":"https:\/\/staging.ivg.it\/ediapi\/wp\/v2\/categories?post=70453"},{"taxonomy":"post_tag","embeddable":true,"href":"https:\/\/staging.ivg.it\/ediapi\/wp\/v2\/tags?post=70453"}],"curies":[{"name":"wp","href":"https:\/\/api.w.org\/{rel}","templated":true}]}}