{"id":70183,"date":"2009-08-13T09:11:49","date_gmt":"2009-08-13T07:11:49","guid":{"rendered":"http:\/\/www.ivg.it\/2009\/08\/13\/ferragosto-spettacolo-piromusicale-a-varazze\/"},"modified":"2009-08-13T09:11:49","modified_gmt":"2009-08-13T07:11:49","slug":"ferragosto-spettacolo-piromusicale-a-varazze","status":"publish","type":"post","link":"https:\/\/staging.ivg.it\/2009\/08\/ferragosto-spettacolo-piromusicale-a-varazze\/","title":{"rendered":"Ferragosto, spettacolo piromusicale a Varazze"},"content":{"rendered":"<p><strong>[thumb:7700:l]Varazze<\/strong>. Per la giornata di sabato 15 agosto, a Varazze, si terr\u00e0 il consueto mercato settimanale, ma sar\u00e0 trasferito in viale Nazioni Unite. Si tratta di un&#8217;ulteriore prova per il successivo trasferimento autunnale delle bancarelle che tradizionalmente occupano il piazzale Carlo Alberto Dalla Chiesa.<\/p>\n<p>La sera di Ferragosto, dopo le 22,30, partir\u00e0 lo spettacolo pirotecnico. Quest&#8217;anno avr\u00e0 una variante: i fuochi d&#8217;artificio saranno &#8220;sparati&#8221; da un barcone che sar\u00e0 posizionato al centro del golfo della cittadina mentre, sulle spiagge, verr\u00e0 diffusa la colonna sonora che far\u00e0 da contorno allo spettacolo.<\/p>\n","protected":false},"excerpt":{"rendered":"<p>[thumb:7700:l]Varazze. Per la giornata di sabato 15 agosto, a Varazze, si terr\u00e0 il consueto mercato settimanale, ma sar\u00e0 trasferito in viale Nazioni Unite. Si tratta di un&#8217;ulteriore prova per il successivo trasferimento autunnale delle bancarelle che tradizionalmente occupano il piazzale Carlo Alberto Dalla Chiesa. La sera di Ferragosto, dopo le 22,30, partir\u00e0 lo spettacolo pirotecnico. [&hellip;]<\/p>\n","protected":false},"author":5,"featured_media":0,"comment_status":"open","ping_status":"closed","sticky":false,"template":"","format":"standard","meta":{"footnotes":""},"categories":[],"tags":[1920,11414,1941,85868],"class_list":["post-70183","post","type-post","status-publish","format-standard","hentry","tag-ferragosto","tag-fuochi-dartificio","tag-mercato","tag-varazze","post_cat_citta-varazze"],"amp_validity":null,"amp_enabled":true,"_links":{"self":[{"href":"https:\/\/staging.ivg.it\/ediapi\/wp\/v2\/posts\/70183","targetHints":{"allow":["GET"]}}],"collection":[{"href":"https:\/\/staging.ivg.it\/ediapi\/wp\/v2\/posts"}],"about":[{"href":"https:\/\/staging.ivg.it\/ediapi\/wp\/v2\/types\/post"}],"author":[{"embeddable":true,"href":"https:\/\/staging.ivg.it\/ediapi\/wp\/v2\/users\/5"}],"replies":[{"embeddable":true,"href":"https:\/\/staging.ivg.it\/ediapi\/wp\/v2\/comments?post=70183"}],"version-history":[{"count":0,"href":"https:\/\/staging.ivg.it\/ediapi\/wp\/v2\/posts\/70183\/revisions"}],"wp:attachment":[{"href":"https:\/\/staging.ivg.it\/ediapi\/wp\/v2\/media?parent=70183"}],"wp:term":[{"taxonomy":"category","embeddable":true,"href":"https:\/\/staging.ivg.it\/ediapi\/wp\/v2\/categories?post=70183"},{"taxonomy":"post_tag","embeddable":true,"href":"https:\/\/staging.ivg.it\/ediapi\/wp\/v2\/tags?post=70183"}],"curies":[{"name":"wp","href":"https:\/\/api.w.org\/{rel}","templated":true}]}}