{"id":69462,"date":"2009-08-06T09:06:41","date_gmt":"2009-08-06T07:06:41","guid":{"rendered":"http:\/\/www.ivg.it\/?p=69462"},"modified":"2009-08-06T12:22:35","modified_gmt":"2009-08-06T10:22:35","slug":"savona-alle-fornaci-la-festa-della-madonna-della-neve-foto","status":"publish","type":"post","link":"https:\/\/staging.ivg.it\/2009\/08\/savona-alle-fornaci-la-festa-della-madonna-della-neve-foto\/","title":{"rendered":"Savona, alle Fornaci la festa della Madonna della Neve: foto"},"content":{"rendered":"<p><strong>[thumb:8649:l]Savona<\/strong>. Si \u00e8 svolta ieri sera con tradizionale partecipazione popolare la solennit\u00e0 della Madonna della Neve nel quartiere savonese delle Fornaci. La statua di Maria, come in ogni rito annuale, \u00e8 arrivata in barca dal mare allo scaletto dei pescatori. Le motovedette delle forze dell&#8217;ordine hanno attivato le sirene al momento dello sbarco in segno di saluto.<\/p>\n<p>Poi, la processione fra le vie del quartiere e la Messa nella parrocchia di santa Maria della neve presieduta dal vescovo Vittorio Lupi. La parrocchia delle Fornaci \u00e8 dedicata a santa Maria della Neve, pi\u00f9 popolarmente chiamata la Madonna della Neve. Interessante \u00e8 l&#8217;affresco del soffitto della navata centrale della chiesa in cui \u00e8 raffigurato quel 5 agosto in cui, secondo una leggenda, nevic\u00f2 a Roma. Da questa credenza, ormai indissolubilmente legata al nome della Madonna, deriva anche la scelta del giorno per celebrare la festa.<\/p>\n<p style=\"text-align: center;\">Foto di Roberto Rossi.<\/p>\n\n","protected":false},"excerpt":{"rendered":"<p>[thumb:8649:l]Savona. Si \u00e8 svolta ieri sera con tradizionale partecipazione popolare la solennit\u00e0 della Madonna della Neve nel quartiere savonese delle Fornaci. La statua di Maria, come in ogni rito annuale, \u00e8 arrivata in barca dal mare allo scaletto dei pescatori. Le motovedette delle forze dell&#8217;ordine hanno attivato le sirene al momento dello sbarco in segno [&hellip;]<\/p>\n","protected":false},"author":13744,"featured_media":0,"comment_status":"open","ping_status":"closed","sticky":false,"template":"","format":"standard","meta":{"footnotes":""},"categories":[],"tags":[3031,11142,85850],"class_list":["post-69462","post","type-post","status-publish","format-standard","hentry","tag-fornaci","tag-madonna-della-neve","tag-savona","post_cat_citta-savona"],"amp_validity":null,"amp_enabled":true,"_links":{"self":[{"href":"https:\/\/staging.ivg.it\/ediapi\/wp\/v2\/posts\/69462","targetHints":{"allow":["GET"]}}],"collection":[{"href":"https:\/\/staging.ivg.it\/ediapi\/wp\/v2\/posts"}],"about":[{"href":"https:\/\/staging.ivg.it\/ediapi\/wp\/v2\/types\/post"}],"author":[{"embeddable":true,"href":"https:\/\/staging.ivg.it\/ediapi\/wp\/v2\/users\/13744"}],"replies":[{"embeddable":true,"href":"https:\/\/staging.ivg.it\/ediapi\/wp\/v2\/comments?post=69462"}],"version-history":[{"count":0,"href":"https:\/\/staging.ivg.it\/ediapi\/wp\/v2\/posts\/69462\/revisions"}],"wp:attachment":[{"href":"https:\/\/staging.ivg.it\/ediapi\/wp\/v2\/media?parent=69462"}],"wp:term":[{"taxonomy":"category","embeddable":true,"href":"https:\/\/staging.ivg.it\/ediapi\/wp\/v2\/categories?post=69462"},{"taxonomy":"post_tag","embeddable":true,"href":"https:\/\/staging.ivg.it\/ediapi\/wp\/v2\/tags?post=69462"}],"curies":[{"name":"wp","href":"https:\/\/api.w.org\/{rel}","templated":true}]}}