{"id":69307,"date":"2009-08-05T08:12:38","date_gmt":"2009-08-05T06:12:38","guid":{"rendered":"http:\/\/www.ivg.it\/2009\/08\/05\/albenga-sagralea-in-anticipo-di-due-settimane\/"},"modified":"2009-08-05T08:13:24","modified_gmt":"2009-08-05T06:13:24","slug":"albenga-sagralea-in-anticipo-di-due-settimane","status":"publish","type":"post","link":"https:\/\/staging.ivg.it\/2009\/08\/albenga-sagralea-in-anticipo-di-due-settimane\/","title":{"rendered":"Albenga, Sagralea in anticipo di due settimane"},"content":{"rendered":"<p><strong>[thumb:868:l]Albenga<\/strong>. Sagralea quest&#8217;anno gioca d&#8217;anticipo. La Rassegna del vino Pigato e degli altri vini DOC della Liguria, che abitualmente si svolgeva la seconda settimana di settembre, quest&#8217;anno anticipa di due settimane. La 42ma edizione di Sagralea, infatti, prender\u00e0 il via marted\u00ec 25 agosto e si concluder\u00e0 domenica 30 agosto. Come sempre si svolger\u00e0 nella zona fieristica, in Regione Terraconiglio, a Salea d&#8217;Albenga.<\/p>\n<p>L&#8217;anticipo, voluto dai soci della Cooperativa Macchia Verde organizzatori della manifestazione, consentir\u00e0 ai numerosi turisti che affollano la nostra riviera di conoscere ed assaporare i vini del nostro territorio godendo della promozione vitivinicola offerta da quella che \u00e8 considerata la manifestazione pi\u00f9 importante nella regione dedicata ai vini liguri DOC. Anche quest&#8217;anno il programma \u00e8 quanto mai ricco.<\/p>\n<p>Marted\u00ec 25 agosto alle ore 19 si terr\u00e0 l&#8217;inaugurazione alla presenza delle autorit\u00e0 e di un ospite molto speciale. La serata di gioved\u00ec 27 agosto sar\u00e0, invece, dedicata, in collaborazione con la Camera di Commercio di Savona, alla chiusura dell&#8217;anno dedicato al ventennale del conferimento del marchio DOC ai vini del ponente ligure. Domenica 30 agosto gran finale con la premiazione dei vincitori del concorso di pittura &#8220;Salea e il Vino&#8221; e i fuochi artificiali che, come di consueto, concluderanno la manifestazione.<\/p>\n<p>Ma Sagralea \u00e8 festa ogni sera per 5 giorni, con la grande mostra mercato con 25.000 metri quadri di superficie espositiva ed oltre 200 stand e la rinomatissima tavola calda che offre ormai abitualmente a tutti i buongustai le sue bont\u00e0 come i ravioli di borragine al sugo, la polenta alla crema di tartufo, il coniglio alla ligure e le celebri pesche al Pigato. Ci saranno poi, come sempre, tante sorprese e tanto divertimento con buona musica e pista da ballo sempre calda.<\/p>\n","protected":false},"excerpt":{"rendered":"<p>[thumb:868:l]Albenga. Sagralea quest&#8217;anno gioca d&#8217;anticipo. La Rassegna del vino Pigato e degli altri vini DOC della Liguria, che abitualmente si svolgeva la seconda settimana di settembre, quest&#8217;anno anticipa di due settimane. La 42ma edizione di Sagralea, infatti, prender\u00e0 il via marted\u00ec 25 agosto e si concluder\u00e0 domenica 30 agosto. Come sempre si svolger\u00e0 nella zona [&hellip;]<\/p>\n","protected":false},"author":13744,"featured_media":0,"comment_status":"open","ping_status":"closed","sticky":false,"template":"","format":"standard","meta":{"footnotes":""},"categories":[],"tags":[244,370,243,371],"class_list":["post-69307","post","type-post","status-publish","format-standard","hentry","tag-pigato","tag-sagra","tag-sagralea","tag-vino","post_cat_citta-albenga"],"amp_validity":null,"amp_enabled":true,"_links":{"self":[{"href":"https:\/\/staging.ivg.it\/ediapi\/wp\/v2\/posts\/69307","targetHints":{"allow":["GET"]}}],"collection":[{"href":"https:\/\/staging.ivg.it\/ediapi\/wp\/v2\/posts"}],"about":[{"href":"https:\/\/staging.ivg.it\/ediapi\/wp\/v2\/types\/post"}],"author":[{"embeddable":true,"href":"https:\/\/staging.ivg.it\/ediapi\/wp\/v2\/users\/13744"}],"replies":[{"embeddable":true,"href":"https:\/\/staging.ivg.it\/ediapi\/wp\/v2\/comments?post=69307"}],"version-history":[{"count":0,"href":"https:\/\/staging.ivg.it\/ediapi\/wp\/v2\/posts\/69307\/revisions"}],"wp:attachment":[{"href":"https:\/\/staging.ivg.it\/ediapi\/wp\/v2\/media?parent=69307"}],"wp:term":[{"taxonomy":"category","embeddable":true,"href":"https:\/\/staging.ivg.it\/ediapi\/wp\/v2\/categories?post=69307"},{"taxonomy":"post_tag","embeddable":true,"href":"https:\/\/staging.ivg.it\/ediapi\/wp\/v2\/tags?post=69307"}],"curies":[{"name":"wp","href":"https:\/\/api.w.org\/{rel}","templated":true}]}}