{"id":69149,"date":"2009-08-03T16:20:59","date_gmt":"2009-08-03T14:20:59","guid":{"rendered":"http:\/\/www.ivg.it\/2009\/08\/03\/vasti-incidenti-nel-ponente-savonese\/"},"modified":"2009-08-04T07:48:29","modified_gmt":"2009-08-04T05:48:29","slug":"vasti-incidenti-nel-ponente-savonese","status":"publish","type":"post","link":"https:\/\/staging.ivg.it\/2009\/08\/vasti-incidenti-nel-ponente-savonese\/","title":{"rendered":"Vasti incendi nel ponente savonese: impegnati mezzi aerei"},"content":{"rendered":"<p><strong>[thumb:7822:l]Ponente. <\/strong><em>Agg h 18 35 <\/em>Stanno ancora operando le squadre a terra con l&#8217;ausilio di tre elicotteri per le operazioni di spegnimento dell&#8217;incendio divampato nel pomeriggio nei boschi di Arnasco, nell&#8217;entroterra albenganese. Secondo quanto appreso il rogo \u00e8 stato circoscritto e la situazione \u00e8 sotto controllo. Domate invece le fiamme divampate a Moglio, sulle colline alassine. E&#8217; in corso l&#8217;attivit\u00e0 di bonifica. Bruciati circa due ettari di macchia mediterranea.<\/p>\n<p>&#8211; Due vasti incendi boschivi sono divampati nel primo pomeriggio di oggi nel ponente savonese. A causa di un fulmine un rogo \u00e8 divampato ad Arnasco, nell&#8217;entroterra albenganese. Le fiamme si sono rapidamente propagate all&#8217;area circostante, tuttavia non minacciano abitazioni. Sul posto stanno operando le squadre dei vigili del fuoco, il Corpo Forestale dello Stato e i volontari dell&#8217;antincendio. Fiamme anche sulle alture di Alassio, sulle colline in localit\u00e0 Moglio, sopra il cimitero. In questo caso l&#8217;incendio, meno esteso ma in una zona impervia, sta minacciando una baracca non lontana dal rogo. Le squadre a terra impegnate nelle operazioni di spegnimento hanno richiesto ulterriore rinforzo.<\/p>\n<p>Un altro piccolo incendio si \u00e8 verificato, sempre a causa di un fulmine, in via Riviera a Pietra Ligure: sul posto stanno operando i pompieri del distaccamento finalese.<\/p>\n<p>Sempre per un fulmine altro intervento dei pompieri, questa volta a Bergeggi per un albero in fiamme. Altri piccoli interventi sono stati segnalati per il violento temporale: black out elettrici e allagamenti.<\/p>\n","protected":false},"excerpt":{"rendered":"<p>[thumb:7822:l]Ponente. Agg h 18 35 Stanno ancora operando le squadre a terra con l&#8217;ausilio di tre elicotteri per le operazioni di spegnimento dell&#8217;incendio divampato nel pomeriggio nei boschi di Arnasco, nell&#8217;entroterra albenganese. Secondo quanto appreso il rogo \u00e8 stato circoscritto e la situazione \u00e8 sotto controllo. Domate invece le fiamme divampate a Moglio, sulle colline [&hellip;]<\/p>\n","protected":false},"author":4,"featured_media":0,"comment_status":"open","ping_status":"closed","sticky":false,"template":"","format":"standard","meta":{"footnotes":""},"categories":[34],"tags":[1447,85824,85841,2456,85873,1951,6993,3416,4277,361,86060,670,85830,2204,618],"class_list":["post-69149","post","type-post","status-publish","format-standard","hentry","category-cronaca","tag-abitazioni","tag-alassio","tag-albenga","tag-antincendio","tag-arnasco","tag-corpo-forestale","tag-corpo-forestale-dello-stato","tag-fulmine","tag-incendi","tag-incidenti","tag-moglio","tag-pietra","tag-pietra-ligure","tag-ponente","tag-vigili-del-fuoco","post_cat_citta-alassio","post_cat_citta-albenga","post_cat_citta-andora"],"amp_validity":null,"amp_enabled":true,"_links":{"self":[{"href":"https:\/\/staging.ivg.it\/ediapi\/wp\/v2\/posts\/69149","targetHints":{"allow":["GET"]}}],"collection":[{"href":"https:\/\/staging.ivg.it\/ediapi\/wp\/v2\/posts"}],"about":[{"href":"https:\/\/staging.ivg.it\/ediapi\/wp\/v2\/types\/post"}],"author":[{"embeddable":true,"href":"https:\/\/staging.ivg.it\/ediapi\/wp\/v2\/users\/4"}],"replies":[{"embeddable":true,"href":"https:\/\/staging.ivg.it\/ediapi\/wp\/v2\/comments?post=69149"}],"version-history":[{"count":0,"href":"https:\/\/staging.ivg.it\/ediapi\/wp\/v2\/posts\/69149\/revisions"}],"wp:attachment":[{"href":"https:\/\/staging.ivg.it\/ediapi\/wp\/v2\/media?parent=69149"}],"wp:term":[{"taxonomy":"category","embeddable":true,"href":"https:\/\/staging.ivg.it\/ediapi\/wp\/v2\/categories?post=69149"},{"taxonomy":"post_tag","embeddable":true,"href":"https:\/\/staging.ivg.it\/ediapi\/wp\/v2\/tags?post=69149"}],"curies":[{"name":"wp","href":"https:\/\/api.w.org\/{rel}","templated":true}]}}