{"id":69081,"date":"2009-08-03T11:37:10","date_gmt":"2009-08-03T09:37:10","guid":{"rendered":"http:\/\/www.ivg.it\/2009\/08\/03\/quiliano-il-sindaco-ferrando-incontra-la-popolazione-delle-frazioni\/"},"modified":"2009-08-03T11:37:30","modified_gmt":"2009-08-03T09:37:30","slug":"quiliano-il-sindaco-ferrando-incontra-la-popolazione-delle-frazioni","status":"publish","type":"post","link":"https:\/\/staging.ivg.it\/2009\/08\/quiliano-il-sindaco-ferrando-incontra-la-popolazione-delle-frazioni\/","title":{"rendered":"Quiliano, il sindaco Ferrando incontra la popolazione delle frazioni"},"content":{"rendered":"<p><strong>[thumb:13357:l]Quiliano. <\/strong>Prender\u00e0 il via venerd\u00ec 7 agosto, per poi proseguire con cadenza mensile, il &#8220;tour&#8221; del sindaco quilianese Alberto Ferrando nelle frazioni. Si tratta di una proposta gi\u00e0 avanzata in campagna elettorale, che ora trova realizzazione, anche in considerazione dell&#8217;ampiezza e delle particolarit\u00e0 del territorio comunale, oltre che della presenza di molti anziani, che spesso sono impossibilitati a raggiungere il palazzo comunale di localit\u00e0 Massap\u00e9.<\/p>\n<p>Il primo cittadino ricever\u00e0 la popolazione, dalle 17 alle 19 nelle varie localit\u00e0, con il seguente calendario: Cadibona, primo venerd\u00ec del mese presso il &#8220;Cadifugio&#8221;, Roviasca, secondo venerd\u00ec del mese presso ambulatorio del circolo Acli, Montagna, ultimo venerd\u00ec del mese presso le ex scuole elementari.<\/p>\n","protected":false},"excerpt":{"rendered":"<p>[thumb:13357:l]Quiliano. Prender\u00e0 il via venerd\u00ec 7 agosto, per poi proseguire con cadenza mensile, il &#8220;tour&#8221; del sindaco quilianese Alberto Ferrando nelle frazioni. Si tratta di una proposta gi\u00e0 avanzata in campagna elettorale, che ora trova realizzazione, anche in considerazione dell&#8217;ampiezza e delle particolarit\u00e0 del territorio comunale, oltre che della presenza di molti anziani, che spesso [&hellip;]<\/p>\n","protected":false},"author":13744,"featured_media":0,"comment_status":"open","ping_status":"closed","sticky":false,"template":"","format":"standard","meta":{"footnotes":""},"categories":[],"tags":[6591,86019,11274,85860],"class_list":["post-69081","post","type-post","status-publish","format-standard","hentry","tag-alberto-ferrando","tag-comune","tag-frazioni","tag-quiliano","post_cat_citta-quiliano"],"amp_validity":null,"amp_enabled":true,"_links":{"self":[{"href":"https:\/\/staging.ivg.it\/ediapi\/wp\/v2\/posts\/69081","targetHints":{"allow":["GET"]}}],"collection":[{"href":"https:\/\/staging.ivg.it\/ediapi\/wp\/v2\/posts"}],"about":[{"href":"https:\/\/staging.ivg.it\/ediapi\/wp\/v2\/types\/post"}],"author":[{"embeddable":true,"href":"https:\/\/staging.ivg.it\/ediapi\/wp\/v2\/users\/13744"}],"replies":[{"embeddable":true,"href":"https:\/\/staging.ivg.it\/ediapi\/wp\/v2\/comments?post=69081"}],"version-history":[{"count":0,"href":"https:\/\/staging.ivg.it\/ediapi\/wp\/v2\/posts\/69081\/revisions"}],"wp:attachment":[{"href":"https:\/\/staging.ivg.it\/ediapi\/wp\/v2\/media?parent=69081"}],"wp:term":[{"taxonomy":"category","embeddable":true,"href":"https:\/\/staging.ivg.it\/ediapi\/wp\/v2\/categories?post=69081"},{"taxonomy":"post_tag","embeddable":true,"href":"https:\/\/staging.ivg.it\/ediapi\/wp\/v2\/tags?post=69081"}],"curies":[{"name":"wp","href":"https:\/\/api.w.org\/{rel}","templated":true}]}}