{"id":68992,"date":"2009-08-01T15:38:12","date_gmt":"2009-08-01T13:38:12","guid":{"rendered":"http:\/\/www.ivg.it\/2009\/08\/01\/cadibona-memorial-carlo-ferro-emiliano-dagnino-precede-tutti\/"},"modified":"2009-08-01T15:38:12","modified_gmt":"2009-08-01T13:38:12","slug":"cadibona-memorial-carlo-ferro-emiliano-dagnino-precede-tutti","status":"publish","type":"post","link":"https:\/\/staging.ivg.it\/2009\/08\/cadibona-memorial-carlo-ferro-emiliano-dagnino-precede-tutti\/","title":{"rendered":"Cadibona, &#8220;Memorial Carlo Ferro&#8221;: Emiliano Dagnino precede tutti"},"content":{"rendered":"<p><strong>[thumb:10922:l]Quiliano<\/strong>. Si \u00e8 corsa a Cadibona l&#8217;edizione numero 22 del &#8220;Memorial Carlo Ferro&#8221;. La manifestazione si \u00e8 disputata su un percorso nel verde della lunghezza di 9 chilometri. Al via della gara, nei pressi della Societ\u00e0 Operaia Cooperativa di Via Longagnini, si sono presentati 57 podisti.<\/p>\n<p>La vittoria \u00e8 andata a Emiliano Dagnino dell&#8217;Atletica Saluzzo, mentre tra le donne si \u00e8 imposta Susanna Scaramucci. Questi i primi 20 classificati:<br \/>\n1\u00b0 Emiliano Dagnino (Atletica Saluzzo) 35&#8242; 50&#8243;<br \/>\n2\u00b0 Giorgio Barile (Cambiaso Risso) 36&#8242; 51&#8243;<br \/>\n3\u00b0 Massimo Galatini (Atletica Varazze) 38&#8242; 20&#8243;<br \/>\n4\u00b0 Edo Siri (Atletica Ceriale) 40&#8242; 00&#8243;<br \/>\n5\u00b0 Fulvio Carbone (Triathlon Savona) 40&#8242; 56&#8243;<br \/>\n6\u00b0 Davide Scasso (Atletica Varazze) 41&#8242; 23&#8243;<br \/>\n7\u00b0 Gianmarco Paolieri (Atletica Ceriale) 43&#8242; 00&#8243;<br \/>\n8\u00b0 Paolo Sciutto 43&#8242; 09&#8243;<br \/>\n9\u00b0 Susanna Scaramucci (Atletica Varazze) 44&#8242; 24&#8243;<br \/>\n10\u00b0 Leopoldo Sartirana (Atletica Varazze) 44&#8242; 41&#8243;<br \/>\n11\u00b0 Enrico Di Giannantonio 44&#8242; 55&#8243;<br \/>\n12\u00b0 Vecchiattini (Atletica Ceriale)<br \/>\n13\u00b0 Albino Bolognese (Serenella)<br \/>\n14\u00b0 Valter Zunino<br \/>\n15\u00b0 Benedetto Trucco (Podistica Savonese)<br \/>\n16\u00b0 Silvio Astaldi (Atletica Varazze)<br \/>\n17\u00b0 Nino Cadili (Atletica Varazze)<br \/>\n18\u00b0 Claudio Sordo (Valtanaro)<br \/>\n19\u00b0 Roberto Vassallo (Valtanaro)<br \/>\n20\u00b0 Giancarlo Guglielmetto (Podistica Savonese)<\/p>\n<p><a href=\"http:\/\/www.youtube.com\/watch?v=PUqUgdf1JKs\">Clicca qui per vedere la prima parte del video della manifestazione<\/a><\/p>\n<p><a href=\"http:\/\/www.youtube.com\/user\/ganzoalassio#play\/all\/uploads-all\/2\/X_JaWnMqyWE\">Clicca qui per vedere la seconda parte del video della manifestazione<\/a><\/p>\n","protected":false},"excerpt":{"rendered":"<p>[thumb:10922:l]Quiliano. Si \u00e8 corsa a Cadibona l&#8217;edizione numero 22 del &#8220;Memorial Carlo Ferro&#8221;. La manifestazione si \u00e8 disputata su un percorso nel verde della lunghezza di 9 chilometri. Al via della gara, nei pressi della Societ\u00e0 Operaia Cooperativa di Via Longagnini, si sono presentati 57 podisti. La vittoria \u00e8 andata a Emiliano Dagnino dell&#8217;Atletica Saluzzo, [&hellip;]<\/p>\n","protected":false},"author":18,"featured_media":0,"comment_status":"open","ping_status":"closed","sticky":false,"template":"","format":"standard","meta":{"footnotes":""},"categories":[32],"tags":[6617,1311,2124,345,11250,176,2069],"class_list":["post-68992","post","type-post","status-publish","format-standard","hentry","category-sport","tag-atletica-ceriale","tag-atletica-varazze","tag-cadibona","tag-corsa","tag-memorial-carlo-ferro","tag-podismo","tag-podistica-savonese","post_cat_citta-ceriale","post_cat_citta-quiliano","post_cat_citta-savona","post_cat_citta-varazze"],"amp_validity":null,"amp_enabled":true,"_links":{"self":[{"href":"https:\/\/staging.ivg.it\/ediapi\/wp\/v2\/posts\/68992","targetHints":{"allow":["GET"]}}],"collection":[{"href":"https:\/\/staging.ivg.it\/ediapi\/wp\/v2\/posts"}],"about":[{"href":"https:\/\/staging.ivg.it\/ediapi\/wp\/v2\/types\/post"}],"author":[{"embeddable":true,"href":"https:\/\/staging.ivg.it\/ediapi\/wp\/v2\/users\/18"}],"replies":[{"embeddable":true,"href":"https:\/\/staging.ivg.it\/ediapi\/wp\/v2\/comments?post=68992"}],"version-history":[{"count":0,"href":"https:\/\/staging.ivg.it\/ediapi\/wp\/v2\/posts\/68992\/revisions"}],"wp:attachment":[{"href":"https:\/\/staging.ivg.it\/ediapi\/wp\/v2\/media?parent=68992"}],"wp:term":[{"taxonomy":"category","embeddable":true,"href":"https:\/\/staging.ivg.it\/ediapi\/wp\/v2\/categories?post=68992"},{"taxonomy":"post_tag","embeddable":true,"href":"https:\/\/staging.ivg.it\/ediapi\/wp\/v2\/tags?post=68992"}],"curies":[{"name":"wp","href":"https:\/\/api.w.org\/{rel}","templated":true}]}}