{"id":68853,"date":"2009-07-31T12:30:30","date_gmt":"2009-07-31T10:30:30","guid":{"rendered":"http:\/\/www.ivg.it\/?p=68853"},"modified":"2009-07-31T19:19:43","modified_gmt":"2009-07-31T17:19:43","slug":"savona-14-dibattiti-durante-la-festa-di-liberazione","status":"publish","type":"post","link":"https:\/\/staging.ivg.it\/2009\/07\/savona-14-dibattiti-durante-la-festa-di-liberazione\/","title":{"rendered":"Savona, 14 dibattiti durante la Festa di Liberazione"},"content":{"rendered":"<p>[thumb:8664:l]<strong>Savona<\/strong>. Sar\u00e0 caratterizzata da numerosi dibattiti la Festa provinciale di Liberazione, in programma sul lungomare di Zinola dal 9 al 19 agosto: ben 14 sui 10 giorni di durata dell&#8217;iniziativa. &#8220;Un&#8217;occasione di aggregazione e confronto che si differenzia dalle altre feste di partito per il profilo pi\u00f9 contenutistico che di mero divertimento&#8221; ha voluto specificare Marco Ravera, segretario di Rifondazione Comunista, stamane durante la presentazione dell&#8217;evento.<\/p>\n<p>Oltre agli stand gastronomici, quindi, tavole rotonde e dibattiti intorno alle tematiche interne al Prc e ai problemi inerenti al territorio savonese. Gli appuntamenti in calendario vedranno la partecipazione di noti esponenti istituzionali, politici e sindacali. Ne segnaliamo alcuni.<\/p>\n<p>Nell&#8217;incontro in programma luned\u00ec 10 agosto, dal titolo &#8220;La provincia tra raccolta differenziata, discariche e inceneritori&#8221;, si confronteranno il sindaco di Savona, Federico Berruti, il presidente della Provincia, Angelo Vaccarezza, e l&#8217;assessore regionale all&#8217;ambiente Franco Zunino.<\/p>\n<p>Tema scottante marted\u00ec 11 agosto, con &#8220;Vado a gonfie vele, la piattaforma: opportunit\u00e0 o scempio ambientale?&#8221;. Vi prender\u00e0 parte il presidente dell&#8217;Autorit\u00e0 Portuale di Savona, Rino Canavese. &#8220;Trasporto pubblico e infrastrutture: sono davvero utili le grandi opere?&#8221; \u00e8 invece il dibattito di mercoled\u00ec 12 agosto, con Paolo Marson, ex presidente dell&#8217;Acts oggi assessore provinciale, ed Enrico Vesco, assessore regionale ai trasporti.<\/p>\n<p>La sanit\u00e0 avr\u00e0 spazio gioved\u00ec 13 agosto con l&#8217;incontro intitolato &#8220;Come sta la Liguria? Un bilancio a due anni dalla riorganizzazione della rete ospedaliera&#8221;. Lo animeranno Franco Bonanni, direttore dell&#8217;Agenzia Sanitaria Regionale, Sergio Lugaro, responsabile sanit\u00e0 della segreteria provinciale di Rifondazione, Nino Miceli, consigliere regionale presidente della Commissione Sanit\u00e0, e Marco Nesci, capogruppo di Rifondazione in Regione e responsabile nazionale sanit\u00e0 del partito.<\/p>\n<p>In chiusura, mercoled\u00ec 19 agosto, &#8220;L&#8217;Italia una Repubblica Democratica fondata sul lavoro&#8221;: parteciperanno Sergio Valdiserra, segretario provinciale della Uil, Fulvio Berruti, segretario provinciale della Filcem-Cgil, Jorg Costantino, assessore all&#8217;ambiente del Comune di Savona, Sergio Olivieri, segretario regionale di Rifondazione, e Simone Pesce, segretario provinciale della Fisascat Cisl.<\/p>\n","protected":false},"excerpt":{"rendered":"<p>[thumb:8664:l]Savona. Sar\u00e0 caratterizzata da numerosi dibattiti la Festa provinciale di Liberazione, in programma sul lungomare di Zinola dal 9 al 19 agosto: ben 14 sui 10 giorni di durata dell&#8217;iniziativa. &#8220;Un&#8217;occasione di aggregazione e confronto che si differenzia dalle altre feste di partito per il profilo pi\u00f9 contenutistico che di mero divertimento&#8221; ha voluto specificare [&hellip;]<\/p>\n","protected":false},"author":13744,"featured_media":0,"comment_status":"open","ping_status":"closed","sticky":false,"template":"","format":"standard","meta":{"footnotes":""},"categories":[31],"tags":[369,8746,1735,367,85850],"class_list":["post-68853","post","type-post","status-publish","format-standard","hentry","category-politica","tag-festa","tag-liberazione","tag-prc","tag-rifondazione-comunista","tag-savona","post_cat_citta-savona"],"amp_validity":null,"amp_enabled":true,"_links":{"self":[{"href":"https:\/\/staging.ivg.it\/ediapi\/wp\/v2\/posts\/68853","targetHints":{"allow":["GET"]}}],"collection":[{"href":"https:\/\/staging.ivg.it\/ediapi\/wp\/v2\/posts"}],"about":[{"href":"https:\/\/staging.ivg.it\/ediapi\/wp\/v2\/types\/post"}],"author":[{"embeddable":true,"href":"https:\/\/staging.ivg.it\/ediapi\/wp\/v2\/users\/13744"}],"replies":[{"embeddable":true,"href":"https:\/\/staging.ivg.it\/ediapi\/wp\/v2\/comments?post=68853"}],"version-history":[{"count":0,"href":"https:\/\/staging.ivg.it\/ediapi\/wp\/v2\/posts\/68853\/revisions"}],"wp:attachment":[{"href":"https:\/\/staging.ivg.it\/ediapi\/wp\/v2\/media?parent=68853"}],"wp:term":[{"taxonomy":"category","embeddable":true,"href":"https:\/\/staging.ivg.it\/ediapi\/wp\/v2\/categories?post=68853"},{"taxonomy":"post_tag","embeddable":true,"href":"https:\/\/staging.ivg.it\/ediapi\/wp\/v2\/tags?post=68853"}],"curies":[{"name":"wp","href":"https:\/\/api.w.org\/{rel}","templated":true}]}}