{"id":68763,"date":"2009-07-30T15:37:28","date_gmt":"2009-07-30T13:37:28","guid":{"rendered":"http:\/\/www.ivg.it\/2009\/07\/30\/andora-successo-per-lestate-musicale-in-programma-altri-quattro-concerti\/"},"modified":"2009-07-30T15:54:06","modified_gmt":"2009-07-30T13:54:06","slug":"andora-successo-per-lestate-musicale-in-programma-altri-quattro-concerti","status":"publish","type":"post","link":"https:\/\/staging.ivg.it\/2009\/07\/andora-successo-per-lestate-musicale-in-programma-altri-quattro-concerti\/","title":{"rendered":"Andora, successo per l&#8217;Estate Musicale: in programma altri quattro concerti"},"content":{"rendered":"<p>[thumb:13355:l]<strong>Andora.<\/strong> Si conferma il successo per gli spettacoli dell&#8217;Estate Musicale Andorese, in programma nella Chiesa dei S.S. Giacomo e Filippo, nel borgo medievale di Castello.<\/p>\n<p>Gi\u00e0 quasi tutto esaurito per il concerto del 7 agosto, dal titolo &#8220;Due passi nell&#8217;opera: musica, dramma e poesia con La Traviata di Verdi&#8221;. La famosa opera del maestro di Busseto verr\u00e0 presentata in una rilettura originale e particolarmente interessante. Una voce narrante collegher\u00e0 le varie scene interpretate senza scenografie da tre splendide voci del panorama operistico: Federica Giansanti &#8211; soprano, Francesco Marsiglia &#8211; tenore, e Massimiliano Viapiano &#8211; baritono. I cantanti saranno accompagnati da tre musicisti (pianoforte, flauto, violino) ed un coro.<\/p>\n<p>Venerd\u00ec 14 agosto ancora una serata dedicata alla lirica. Il soprano Linda Campanella, con il tenore Riccardo Mirabelli ed il basso Matteo Peirone, presenteranno &#8220;Tutto nel mondo \u00e8 burla&#8221;. Il concerto \u00e8 un viaggio tra le pi\u00f9 famose arie d&#8217;opera da Rossini a Donizetti a Mascagni. Gli artisti si esibiranno con il supporto dei Solisti dell&#8217;Orchesta Classica di Alessandria e di due attori.<\/p>\n<p>Gli ultimi due appuntamenti della rassegna si terranno infine il 21 ed il 28 agosto. Venerd\u00ec 21 agosto alle 21.30 appuntamento con &#8220;Brassvoice&#8221; spettacolo con gli artisti del Teatro Regio di Torino. La soprano Giovanna Zerilli  con l&#8217;accompagnamento di soli ottoni e percussioni, si esibir\u00e0 in brani classici (Haydn, Giordani, Haendel, Debussy) e moderni (Lennon, Kosma).<\/p>\n<p>Il 28 agosto la rassegna musicale si chiuder\u00e0 con un &#8220;Recital di pianoforte&#8221; di  Massimiliano Damerini. Il notissimo pianista offrir\u00e0 una serata con composizioni di Scott Joplin e di Gershwin fra i quali segnaliamo &#8220;Rhapsody in Blue&#8221;.<\/p>\n<p>I concerti al prezzo contenuto di 7 euro sono gratuiti per i ragazzi fino ad 11 anni ed avranno inizio alle ore 21,30.<\/p>\n","protected":false},"excerpt":{"rendered":"<p>[thumb:13355:l]Andora. Si conferma il successo per gli spettacoli dell&#8217;Estate Musicale Andorese, in programma nella Chiesa dei S.S. Giacomo e Filippo, nel borgo medievale di Castello. Gi\u00e0 quasi tutto esaurito per il concerto del 7 agosto, dal titolo &#8220;Due passi nell&#8217;opera: musica, dramma e poesia con La Traviata di Verdi&#8221;. La famosa opera del maestro di [&hellip;]<\/p>\n","protected":false},"author":13744,"featured_media":0,"comment_status":"open","ping_status":"closed","sticky":false,"template":"","format":"standard","meta":{"footnotes":""},"categories":[],"tags":[2458,85847,1199,1554,620,353,1443,10444,8901,1704,8787,2583,2711,4046,241,1707],"class_list":["post-68763","post","type-post","status-publish","format-standard","hentry","tag-alessandria","tag-andora","tag-castello","tag-chiesa","tag-concerti","tag-concerti-pianoforte","tag-ente","tag-estate-musicale-andorese","tag-linda-campanella","tag-lirica","tag-matteo-peirone","tag-musical","tag-programma","tag-ragazzi","tag-rassegna","tag-spettacoli","post_cat_citta-andora"],"amp_validity":null,"amp_enabled":true,"_links":{"self":[{"href":"https:\/\/staging.ivg.it\/ediapi\/wp\/v2\/posts\/68763","targetHints":{"allow":["GET"]}}],"collection":[{"href":"https:\/\/staging.ivg.it\/ediapi\/wp\/v2\/posts"}],"about":[{"href":"https:\/\/staging.ivg.it\/ediapi\/wp\/v2\/types\/post"}],"author":[{"embeddable":true,"href":"https:\/\/staging.ivg.it\/ediapi\/wp\/v2\/users\/13744"}],"replies":[{"embeddable":true,"href":"https:\/\/staging.ivg.it\/ediapi\/wp\/v2\/comments?post=68763"}],"version-history":[{"count":0,"href":"https:\/\/staging.ivg.it\/ediapi\/wp\/v2\/posts\/68763\/revisions"}],"wp:attachment":[{"href":"https:\/\/staging.ivg.it\/ediapi\/wp\/v2\/media?parent=68763"}],"wp:term":[{"taxonomy":"category","embeddable":true,"href":"https:\/\/staging.ivg.it\/ediapi\/wp\/v2\/categories?post=68763"},{"taxonomy":"post_tag","embeddable":true,"href":"https:\/\/staging.ivg.it\/ediapi\/wp\/v2\/tags?post=68763"}],"curies":[{"name":"wp","href":"https:\/\/api.w.org\/{rel}","templated":true}]}}