{"id":68486,"date":"2009-07-28T13:55:03","date_gmt":"2009-07-28T11:55:03","guid":{"rendered":"http:\/\/www.ivg.it\/2009\/07\/28\/savona-il-sindaco-visita-mondomarine-cantiere-dei-maxi-yacht\/"},"modified":"2009-07-28T15:05:14","modified_gmt":"2009-07-28T13:05:14","slug":"savona-il-sindaco-visita-mondomarine-cantiere-dei-maxi-yacht","status":"publish","type":"post","link":"https:\/\/staging.ivg.it\/2009\/07\/savona-il-sindaco-visita-mondomarine-cantiere-dei-maxi-yacht\/","title":{"rendered":"Savona: il sindaco visita MondoMarine, cantiere dei maxi-yacht"},"content":{"rendered":"<p><strong>[thumb:13541:l]Savona. <\/strong>Stamane il sindaco Federico Berruti si \u00e8 recato in visita presso i cantieri navali MondoMarine, accompagnato dall&#8217;amministratore delegato Diego Deprati. L&#8217;azienda nella citt\u00e0 della Torretta occupa direttamente 36 persone, oltre agli addetti impiegati da aziende esterne e subappaltatrici (si parla di quasi trecento unit\u00e0), &#8220;sfornando&#8221; fino a tre imbarcazioni all&#8217;anno della lunghezza di 40\/50 metri.<\/p>\n<p>Il primo cittadino ha sottolineato l&#8217;importanza dell&#8217;industria nautica per l&#8217;intera economia del comprensorio: &#8220;Gli yacht realizzati da Mondomarine a Savona sono prodotti che incorporano bellezza e tecnologia di altissimo livello. E&#8217; l&#8217;espressione pi\u00f9 moderna per il made in Italy ed \u00e8 un punto d&#8217;orgoglio per la nostra citt\u00e0. Rappresenta una grande opportunit\u00e0 per il futuro, anche a livello occupazionale, che si integra con la vocazione portuale e turistica di Savona&#8221;.<\/p>\n<p>&#8220;Inoltre &#8211; ha continuato Berruti &#8211; MondoMarine \u00e8 attenta alle esigenze della citt\u00e0. Da tempo \u00e8 partner nelle iniziative culturali e sportive realizzate dal Comune. Con questa visita ho voluto rendere omaggio all&#8217;imprenditore e alle maestranze, per rinsaldare lo stretto rapporto tra Savona e questa azienda di eccellenza&#8221;.<\/p>\n<p>Attualmente il cantiere, situato nei pressi della galleria di Valloria, occupa un&#8217;area di oltre 35 mila metri quadrati, comprendendo anche 9 mila e 500 spazi al coperto e 100 metri di banchina appositamente dedicata all&#8217;ormeggio delle imbarcazioni. E&#8217; prevista entro il prossimo anno un&#8217;ulteriore espansione, con l&#8217;inaugurazione di un nuovo capannone.<\/p>\n","protected":false},"excerpt":{"rendered":"<p>[thumb:13541:l]Savona. Stamane il sindaco Federico Berruti si \u00e8 recato in visita presso i cantieri navali MondoMarine, accompagnato dall&#8217;amministratore delegato Diego Deprati. L&#8217;azienda nella citt\u00e0 della Torretta occupa direttamente 36 persone, oltre agli addetti impiegati da aziende esterne e subappaltatrici (si parla di quasi trecento unit\u00e0), &#8220;sfornando&#8221; fino a tre imbarcazioni all&#8217;anno della lunghezza di 40\/50 [&hellip;]<\/p>\n","protected":false},"author":13744,"featured_media":0,"comment_status":"open","ping_status":"closed","sticky":false,"template":"","format":"standard","meta":{"footnotes":""},"categories":[56,35],"tags":[86019,1062,7306,85850,85999,2962],"class_list":["post-68486","post","type-post","status-publish","format-standard","hentry","category-altre","category-economia","tag-comune","tag-federico-berruti","tag-mondomarine","tag-savona","tag-sindaco","tag-visita","post_cat_citta-savona"],"amp_validity":null,"amp_enabled":true,"_links":{"self":[{"href":"https:\/\/staging.ivg.it\/ediapi\/wp\/v2\/posts\/68486","targetHints":{"allow":["GET"]}}],"collection":[{"href":"https:\/\/staging.ivg.it\/ediapi\/wp\/v2\/posts"}],"about":[{"href":"https:\/\/staging.ivg.it\/ediapi\/wp\/v2\/types\/post"}],"author":[{"embeddable":true,"href":"https:\/\/staging.ivg.it\/ediapi\/wp\/v2\/users\/13744"}],"replies":[{"embeddable":true,"href":"https:\/\/staging.ivg.it\/ediapi\/wp\/v2\/comments?post=68486"}],"version-history":[{"count":0,"href":"https:\/\/staging.ivg.it\/ediapi\/wp\/v2\/posts\/68486\/revisions"}],"wp:attachment":[{"href":"https:\/\/staging.ivg.it\/ediapi\/wp\/v2\/media?parent=68486"}],"wp:term":[{"taxonomy":"category","embeddable":true,"href":"https:\/\/staging.ivg.it\/ediapi\/wp\/v2\/categories?post=68486"},{"taxonomy":"post_tag","embeddable":true,"href":"https:\/\/staging.ivg.it\/ediapi\/wp\/v2\/tags?post=68486"}],"curies":[{"name":"wp","href":"https:\/\/api.w.org\/{rel}","templated":true}]}}